{"id":47851,"date":"2019-07-22T14:50:01","date_gmt":"2019-07-22T18:50:01","guid":{"rendered":"https:\/\/linitiative.ca\/International\/migrants-en-mediterranee-14-pays-europeens-daccord-sur-un-mecanisme-de-solidarite\/"},"modified":"2019-07-22T14:50:01","modified_gmt":"2019-07-22T18:50:01","slug":"migrants-en-mediterranee-14-pays-europeens-daccord-sur-un-mecanisme-de-solidarite","status":"publish","type":"post","link":"https:\/\/linitiative.ca\/International\/migrants-en-mediterranee-14-pays-europeens-daccord-sur-un-mecanisme-de-solidarite\/","title":{"rendered":"Migrants en M\u00e9diterran\u00e9e: 14 pays europ\u00e9ens d\u2019accord sur un \u00ab\u00a0m\u00e9canisme de solidarit\u00e9\u00a0\u00bb"},"content":{"rendered":"<div readability=\"32\">\n<p>Publi\u00e9 le 22.07.2019 \u00e0 19h50 par AFP<\/p>\n<\/div>\n<div readability=\"114\">\n<p>Quatorze pays europ\u00e9ens ont donn\u00e9 leur accord, dont huit \u00ab\u00a0de mani\u00e8re active\u00a0\u00bb, pour mettre en \u0153uvre un \u00ab\u00a0m\u00e9canisme de solidarit\u00e9\u00a0\u00bb visant \u00e0 se r\u00e9partir les migrants secourus en M\u00e9diterran\u00e9e, a annonc\u00e9 lundi le pr\u00e9sident fran\u00e7ais Emmanuel Macron.<\/p>\n<p>\u00ab\u00a0Sur le principe, 14 Etats-membres \u00e0 ce stade ont donn\u00e9 leur accord sur le document franco-allemand. Parmi ces 14, huit ont, de mani\u00e8re active, act\u00e9 de leur participation\u00a0\u00bb, a d\u00e9clar\u00e9 M. Macron apr\u00e8s avoir re\u00e7u au palais pr\u00e9sidentiel le Haut-Commissaire de l\u2019ONU pour les r\u00e9fugi\u00e9s (HCR) Filippo Grandi et le directeur g\u00e9n\u00e9ral de l\u2019Organisation Internationale pour les Migrations (OIM) Manuel de Carvalho Ferreira Vitorino.<\/p>\n<p>Les huit pays \u00ab\u00a0actifs\u00a0\u00bb sont la France, l\u2019Allemagne, le Portugal, le Luxembourg, la Finlande, la Lituanie, la Croatie et l\u2019Irlande, a indiqu\u00e9 la pr\u00e9sidence, sans pr\u00e9ciser le nom des six autres.<\/p>\n<p>L\u2019accord a \u00e9t\u00e9 conclu lundi matin au cours d\u2019une r\u00e9union de travail sur \u00ab\u00a0les migrations en M\u00e9diterran\u00e9e\u00a0\u00bb qui s\u2019est tenue \u00e0 Paris avec des repr\u00e9sentants de l\u2019ensemble des pays europ\u00e9ens, sous l\u2019\u00e9gide des ministres de l\u2019Int\u00e9rieur, Christophe Castaner, et des Affaires \u00e9trang\u00e8res, Jean-Yves Le Drian.<\/p>\n<p>L\u2019objectif de cette r\u00e9union \u00e9tait, selon une source proche du dossier, \u00ab\u00a0de trouver en septembre \u00e0 Malte un accord avec une dizaine de pays, entre 12 et 15, sur un m\u00e9canisme permettant d\u2019assurer plus d\u2019efficacit\u00e9 et plus d\u2019humanisme dans les d\u00e9barquements de migrants en M\u00e9diterran\u00e9e\u00a0\u00bb.<\/p>\n<p>Sous l\u2019impulsion de Paris et de Berlin, les ministres ont planch\u00e9 sur une \u00ab\u00a0coalition de (pays) volontaires\u00a0\u00bb qui s\u2019engageraient \u00e0 syst\u00e9matiquement se r\u00e9partir l\u2019accueil des personnes secourues, sans avoir \u00e0 engager de p\u00e9nibles n\u00e9gociations apr\u00e8s chaque sauvetage.<\/p>\n<p>Ce m\u00e9canisme pr\u00e9voit de r\u00e9partir \u00ab\u00a0aussi vite que possible\u00a0\u00bb les personnes demandant l\u2019asile dans les pays faisant partie de la \u00ab\u00a0coalition de volontaires\u00a0\u00bb, en \u00e9change d\u2019une ouverture de leurs ports par l\u2019Italie et Malte.<\/p>\n<p>\u00ab\u00a0Nous avons consolid\u00e9 le m\u00e9canisme de r\u00e9partition \u00e0 court terme, mais nous souhaitons aller plus loin (\u2026) en responsabilisant l\u2019ensemble des pays-membres, les structures communautaires qui existent\u00a0\u00bb et en am\u00e9liorant \u00ab\u00a0l\u2019efficacit\u00e9 de nos politiques de retour (des migrants) volontaire ou contraint vers les pays d\u2019origine\u00a0\u00bb, a r\u00e9sum\u00e9 Emmanuel Macron.<\/p>\n<p>Il s\u2019agit, selon la pr\u00e9sidence fran\u00e7aise, \u00ab\u00a0d\u2019acc\u00e9l\u00e9rer le retour\u00a0\u00bb pour ceux qui \u00ab\u00a0n\u2019ont pas vocation \u00e0 l\u2019asile\u00a0\u00bb. Mais \u00ab\u00a0c\u2019est compliqu\u00e9\u00a0\u00bb car cela \u00ab\u00a0n\u00e9cessite la coop\u00e9ration des Etats\u00a0\u00bb, souligne la pr\u00e9sidence.<\/p>\n<p>Emmanuel Macron a exprim\u00e9 l\u2019espoir que \u00ab\u00a0l\u2019ensemble des pays-membres participent\u00a0\u00bb au programme, qu\u2019il a de nouveau li\u00e9 \u00e0 l\u2019octroi d\u2019une partie des fonds structurels de l\u2019UE. \u00ab\u00a0L\u2019Europe n\u2019est pas \u00e0 la carte lorsqu\u2019il s\u2019agit de la solidarit\u00e9\u00a0\u00bb, a-t-il averti.<\/p>\n<p>C\u00f4t\u00e9 italien, on estime que la r\u00e9union de Paris \u00ab\u00a0n\u2019a pas produit de ligne partag\u00e9e\u00a0\u00bb, selon des sources minist\u00e9rielles.<\/p>\n<\/div>\n<p>Auteur: AFP<br \/>\n<a href=\"https:\/\/www.journalducameroun.com\/migrants-en-mediterranee-14-pays-europeens-daccord-sur-un-mecanisme-de-solidarite\/\">Cliquez ici pour lire l&rsquo;article depuis sa source.<\/a><\/p>\n","protected":false},"excerpt":{"rendered":"<p>Publi\u00e9 le 22.07.2019 \u00e0 19h50 par AFP Quatorze pays europ\u00e9ens ont donn\u00e9 leur accord, dont huit \u00ab\u00a0de mani\u00e8re active\u00a0\u00bb, pour mettre en \u0153uvre un \u00ab\u00a0m\u00e9canisme de solidarit\u00e9\u00a0\u00bb visant \u00e0 se r\u00e9partir les migrants secourus en M\u00e9diterran\u00e9e, a annonc\u00e9 lundi le pr\u00e9sident fran\u00e7ais Emmanuel Macron. \u00ab\u00a0Sur le principe, 14 Etats-membres \u00e0 ce stade ont donn\u00e9 leur [&hellip;]<\/p>\n","protected":false},"author":1965,"featured_media":0,"comment_status":"closed","ping_status":"closed","sticky":false,"template":"","format":"standard","meta":{"fifu_image_url":"","fifu_image_alt":"","footnotes":""},"categories":[73,82],"tags":[],"class_list":["post-47851","post","type-post","status-publish","format-standard","hentry","category-actualite","category-cameroun"],"_links":{"self":[{"href":"https:\/\/linitiative.ca\/International\/wp-json\/wp\/v2\/posts\/47851","targetHints":{"allow":["GET"]}}],"collection":[{"href":"https:\/\/linitiative.ca\/International\/wp-json\/wp\/v2\/posts"}],"about":[{"href":"https:\/\/linitiative.ca\/International\/wp-json\/wp\/v2\/types\/post"}],"author":[{"embeddable":true,"href":"https:\/\/linitiative.ca\/International\/wp-json\/wp\/v2\/users\/1965"}],"replies":[{"embeddable":true,"href":"https:\/\/linitiative.ca\/International\/wp-json\/wp\/v2\/comments?post=47851"}],"version-history":[{"count":0,"href":"https:\/\/linitiative.ca\/International\/wp-json\/wp\/v2\/posts\/47851\/revisions"}],"wp:attachment":[{"href":"https:\/\/linitiative.ca\/International\/wp-json\/wp\/v2\/media?parent=47851"}],"wp:term":[{"taxonomy":"category","embeddable":true,"href":"https:\/\/linitiative.ca\/International\/wp-json\/wp\/v2\/categories?post=47851"},{"taxonomy":"post_tag","embeddable":true,"href":"https:\/\/linitiative.ca\/International\/wp-json\/wp\/v2\/tags?post=47851"}],"curies":[{"name":"wp","href":"https:\/\/api.w.org\/{rel}","templated":true}]}}