{"id":47852,"date":"2019-07-22T14:50:03","date_gmt":"2019-07-22T18:50:03","guid":{"rendered":"https:\/\/linitiative.ca\/International\/nigeria-de-nouvelles-tensions-avec-la-minorite-chiite-font-au-moins-sept-morts\/"},"modified":"2019-07-22T14:50:03","modified_gmt":"2019-07-22T18:50:03","slug":"nigeria-de-nouvelles-tensions-avec-la-minorite-chiite-font-au-moins-sept-morts","status":"publish","type":"post","link":"https:\/\/linitiative.ca\/International\/nigeria-de-nouvelles-tensions-avec-la-minorite-chiite-font-au-moins-sept-morts\/","title":{"rendered":"Nigeria: de nouvelles tensions avec la minorit\u00e9 chiite font au moins sept morts"},"content":{"rendered":"<div readability=\"32\">\n<p>Publi\u00e9 le 22.07.2019 \u00e0 19h50 par AFP<\/p>\n<\/div>\n<div readability=\"157\">\n<p>Au moins six manifestants chiites du Mouvement islamique du Nigeria (IMN) et un policier ont \u00e9t\u00e9 tu\u00e9s dans des heurts \u00e0 Abuja lundi, dans un nouvel \u00e9pisode de violences de plus en plus fr\u00e9quents avec les forces de l\u2019ordre pour demander la lib\u00e9ration de leur chef, Ibrahim Zakzaky.<\/p>\n<p>\u00ab\u00a0Nous marchions sans violence et lorsque nous sommes arriv\u00e9s au niveau du minist\u00e8re des Affaires \u00e9trang\u00e8res, ils (la police) ont commenc\u00e9 \u00e0 tirer en l\u2019air et sur la foule\u00a0\u00bb, a expliqu\u00e9 Abdullahi Muhammed Bello, un membre de l\u2019organisation chiite.<\/p>\n<p>\u00ab\u00a0Il y a six corps devant moi, dont un mineur\u00a0\u00bb, a-t-il ajout\u00e9.<\/p>\n<p>Un photographe de l\u2019AFP qui couvrait la manifestation a compt\u00e9 le m\u00eame nombre de victimes, ajoutant avoir vu un policier \u00e0 terre. \u00ab\u00a0La manifestation \u00e9tait d\u2019abord pacifique\u00a0\u00bb, a-t-il relat\u00e9, parlant de quelques centaines de manifestants chiites.<\/p>\n<p>\u00ab\u00a0La police a commenc\u00e9 \u00e0 sortir en nombre et a tir\u00e9 des gaz lacrymog\u00e8nes et les manifestants ont ripost\u00e9 en lan\u00e7ant des cocktails Molotov et ont mis le feu \u00e0 des v\u00e9hicules de pompiers\u00a0\u00bb, a ajout\u00e9 le photographe.<\/p>\n<p>\u00ab\u00a0Un haut grad\u00e9 de la police a \u00e9t\u00e9 tu\u00e9 dans les heurts avec les chiites \u00e0 Abuja\u00a0\u00bb, selon l\u2019agence de presse nationale, qui a ajout\u00e9 que le policier \u00ab\u00a0Umar a \u00e9t\u00e9 tu\u00e9 par les manifestants en tentant d\u2019emp\u00eacher les actions violentes et la destruction de biens\u00a0\u00bb.<\/p>\n<p>La cha\u00eene de t\u00e9l\u00e9vision nig\u00e9riane Channels a par ailleurs affirm\u00e9 que l\u2019un de ses reporters avait re\u00e7u une balle, sans donner de d\u00e9tails sur son \u00e9tat de sant\u00e9.<\/p>\n<p>Le porte-parole de la police, Franck Mba, a publi\u00e9 un communiqu\u00e9 pour demander aux habitants d\u2019Abuja, la capitale f\u00e9d\u00e9rale, de rester calme.<\/p>\n<p>\u00ab\u00a0Il y a une manifestation violente actuellement en cours\u00a0\u00bb, a indiqu\u00e9 le porte-parole. \u00ab\u00a0La police prend des mesures ad\u00e9quates de maintien de l\u2019ordre pour garder la situation sous contr\u00f4le\u00a0\u00bb.<\/p>\n<p>Amnesty International a aussit\u00f4t publi\u00e9 un communiqu\u00e9 appelant \u00ab\u00a0les autorit\u00e9s \u00e0 ne plus r\u00e9primer les manifestations chiites dans le sang\u00a0\u00bb.<\/p>\n<p>\u00ab\u00a0Les forces de s\u00e9curit\u00e9 tirent \u00e0 balles r\u00e9elles sur des personnes qui exercent seulement leur libert\u00e9 d\u2019expression\u00a0\u00bb, regrette l\u2019ONG internationale de d\u00e9fense des droits de l\u2019Homme.<\/p>\n<p>Les membres de l\u2019IMN, une organisation chiite radicale dans le nord du Nigeria majoritairement sunnite, demandent notamment la lib\u00e9ration de leur chef, Ibrahim Zakzaky, incarc\u00e9r\u00e9 depuis d\u00e9cembre 2015 avec son \u00e9pouse pour \u00ab\u00a0homicide et rassemblement ill\u00e9gal\u00a0\u00bb.<\/p>\n<p>\u2013 R\u00e9prim\u00e9es dans le sang \u2013<\/p>\n<p>Ses partisans manifestent quasiment quotidiennement d\u00e9sormais dans les rues d\u2019Abuja, la capitale f\u00e9d\u00e9rale pour demander leur lib\u00e9ration.<\/p>\n<p>Le groupe, fort de plusieurs milliers de partisans, s\u2019oppose depuis des ann\u00e9es \u00e0 l\u2019autorit\u00e9 nig\u00e9riane et ses manifestations sont souvent r\u00e9prim\u00e9es dans le sang.<\/p>\n<p>Le 11 juillet, au moins deux personnes ont \u00e9t\u00e9 tu\u00e9es, quelques jours apr\u00e8s une sortie du fils du leader de l\u2019IMN, accusant le gouvernement d\u2019organiser \u00ab\u00a0l\u2019assassinat\u00a0\u00bb du Sheik Zakzaky, incarc\u00e9r\u00e9 malgr\u00e9 des conditions de sant\u00e9 tr\u00e8s d\u00e9grad\u00e9es.<\/p>\n<p>Ce week-end, la pr\u00e9sidence nig\u00e9riane a appel\u00e9 les membres de l\u2019IMN \u00e0 attendre la prochaine comparution de leur leader en justice, lundi prochain.<\/p>\n<p>\u00ab\u00a0Nous demandons aux partisans de Zakzaky d\u2019abandonner leurs manifestations violentes dans les rues et d\u2019attendre la d\u00e9cision la cour de Kaduna (nord), ville dans laquelle leur leader doit compara\u00eetre\u00a0\u00bb, a d\u00e9clar\u00e9 Garba Shehu, le porte-parole de la pr\u00e9sidence.<\/p>\n<p>Fin 2016, un tribunal f\u00e9d\u00e9ral avait jug\u00e9 sa d\u00e9tention ill\u00e9gale et ordonn\u00e9 sa lib\u00e9ration. Mais cette d\u00e9cision n\u2019a jamais \u00e9t\u00e9 ex\u00e9cut\u00e9e.<\/p>\n<p>En janvier, un tribunal avait ordonn\u00e9 qu\u2019il puisse rencontrer ses m\u00e9decins personnels, en raison de la d\u00e9gradation de son \u00e9tat de sant\u00e9, mais ses proches ont r\u00e9cemment fait savoir qu\u2019il souffrait d\u2019un empoisonnement au plomb.<\/p>\n<p>Fin octobre, des partisans de l\u2019IMN avaient manifest\u00e9 en masse \u00e0 Abuja et la r\u00e9pression violente de la manifestation par les forces de s\u00e9curit\u00e9 avait fait 47 morts selon l\u2019IMN et les observateurs, six selon les chiffres officiels.<\/p>\n<p>En d\u00e9cembre 2015, l\u2019arm\u00e9e a tir\u00e9 sur des manifestants \u00e0 Zaria, leur fief dans le nord du Nigeria, faisant plus de 350 morts.<\/p>\n<p>L\u2019IMN, apparu comme un mouvement \u00e9tudiant en 1978 avant de muer en groupe r\u00e9volutionnaire inspir\u00e9 par la r\u00e9volution islamique en Iran, est aujourd\u2019hui encore proche de T\u00e9h\u00e9ran et suscite une grande hostilit\u00e9 au Nigeria o\u00f9 l\u2019\u00e9lite musulmane sunnite ne cache pas ses affinit\u00e9s avec l\u2019Arabie saoudite.<\/p>\n<\/div>\n<p>Auteur: AFP<br \/>\n<a href=\"https:\/\/www.journalducameroun.com\/nigeria-de-nouvelles-tensions-avec-la-minorite-chiite-font-au-moins-sept-morts\/\">Cliquez ici pour lire l&rsquo;article depuis sa source.<\/a><\/p>\n","protected":false},"excerpt":{"rendered":"<p>Publi\u00e9 le 22.07.2019 \u00e0 19h50 par AFP Au moins six manifestants chiites du Mouvement islamique du Nigeria (IMN) et un policier ont \u00e9t\u00e9 tu\u00e9s dans des heurts \u00e0 Abuja lundi, dans un nouvel \u00e9pisode de violences de plus en plus fr\u00e9quents avec les forces de l\u2019ordre pour demander la lib\u00e9ration de leur chef, Ibrahim Zakzaky. [&hellip;]<\/p>\n","protected":false},"author":1965,"featured_media":0,"comment_status":"closed","ping_status":"closed","sticky":false,"template":"","format":"standard","meta":{"fifu_image_url":"","fifu_image_alt":"","footnotes":""},"categories":[73,82],"tags":[],"class_list":["post-47852","post","type-post","status-publish","format-standard","hentry","category-actualite","category-cameroun"],"_links":{"self":[{"href":"https:\/\/linitiative.ca\/International\/wp-json\/wp\/v2\/posts\/47852","targetHints":{"allow":["GET"]}}],"collection":[{"href":"https:\/\/linitiative.ca\/International\/wp-json\/wp\/v2\/posts"}],"about":[{"href":"https:\/\/linitiative.ca\/International\/wp-json\/wp\/v2\/types\/post"}],"author":[{"embeddable":true,"href":"https:\/\/linitiative.ca\/International\/wp-json\/wp\/v2\/users\/1965"}],"replies":[{"embeddable":true,"href":"https:\/\/linitiative.ca\/International\/wp-json\/wp\/v2\/comments?post=47852"}],"version-history":[{"count":0,"href":"https:\/\/linitiative.ca\/International\/wp-json\/wp\/v2\/posts\/47852\/revisions"}],"wp:attachment":[{"href":"https:\/\/linitiative.ca\/International\/wp-json\/wp\/v2\/media?parent=47852"}],"wp:term":[{"taxonomy":"category","embeddable":true,"href":"https:\/\/linitiative.ca\/International\/wp-json\/wp\/v2\/categories?post=47852"},{"taxonomy":"post_tag","embeddable":true,"href":"https:\/\/linitiative.ca\/International\/wp-json\/wp\/v2\/tags?post=47852"}],"curies":[{"name":"wp","href":"https:\/\/api.w.org\/{rel}","templated":true}]}}