{"id":47853,"date":"2019-07-22T14:50:04","date_gmt":"2019-07-22T18:50:04","guid":{"rendered":"https:\/\/linitiative.ca\/International\/ebola-en-rdc-demission-du-ministre-de-la-sante-sur-fond-de-refus-dun-vaccin-belge\/"},"modified":"2019-07-22T14:50:04","modified_gmt":"2019-07-22T18:50:04","slug":"ebola-en-rdc-demission-du-ministre-de-la-sante-sur-fond-de-refus-dun-vaccin-belge","status":"publish","type":"post","link":"https:\/\/linitiative.ca\/International\/ebola-en-rdc-demission-du-ministre-de-la-sante-sur-fond-de-refus-dun-vaccin-belge\/","title":{"rendered":"Ebola en RDC: d\u00e9mission du ministre de la Sant\u00e9 sur fond de refus d\u2019un vaccin belge"},"content":{"rendered":"<div readability=\"32\">\n<p>Publi\u00e9 le 22.07.2019 \u00e0 19h50 par AFP<\/p>\n<\/div>\n<div readability=\"132\">\n<p>Derri\u00e8re le conflit d\u2019organisation de la riposte contre la maladie d\u2019Ebola n\u00e9 apr\u00e8s la d\u00e9cision du pr\u00e9sident F\u00e9lix Tshisekedi de s\u2019appuyer sur une \u00e9quipe d\u2019experts dans la conduite de la lutte contre cette \u00e9pid\u00e9mie dans l\u2019est de la R\u00e9publique d\u00e9mocratique du Congo, il y aussi le refus de l\u2019exp\u00e9rimentation d\u2019un vaccin belge.<\/p>\n<p>Le ministre de la Sant\u00e9, Dr Oly Ilunga, a justifi\u00e9 sa d\u00e9cision estimant avoir \u00e9t\u00e9 d\u00e9savou\u00e9 par la d\u00e9cision du pr\u00e9sident F\u00e9lix Tshisekedi de prendre le contr\u00f4le de la riposte contre l\u2019\u00e9pid\u00e9mie d\u2019Ebola, qui a tu\u00e9 1.737 personnes en un an dans l\u2019est de la RDC et dont le cumul des cas est de 2.578, dont 2.484 confirm\u00e9s et 94 probables, selon le bulletin du minist\u00e8re de l\u2019Int\u00e9rieur dat\u00e9 de dimanche.<\/p>\n<p>\u00ab\u00a0Tirant ainsi les cons\u00e9quences de votre d\u00e9cision de placer la conduite de la riposte \u00e0 l\u2019\u00e9pid\u00e9mie \u00e0 virus Ebola sous votre supervision directe et anticipant la cacophonie pr\u00e9judiciable \u00e0 la riposte qui d\u00e9coulera in\u00e9vitablement de cette d\u00e9cision, je viens par la pr\u00e9sente vous pr\u00e9senter ma d\u00e9mission de mes fonctions de ministre de la Sant\u00e9\u00a0\u00bb, a \u00e9crit le ministre, dans une lettre au pr\u00e9sident Tshisekedi.<\/p>\n<p>\u00ab\u00a0Comme dans toute guerre, car c\u2019est bien de cela dont il s\u2019agit dans cette lutte, il ne peut y avoir plusieurs centres de d\u00e9cision au risque de cr\u00e9er des confusions (\u2026) L\u2019unicit\u00e9 dans la gestion d\u2019une telle riposte r\u00e9pond ainsi au triple imp\u00e9ratif de l\u2019efficacit\u00e9, de la coh\u00e9rence des d\u00e9cisions prises et de la redevabilit\u00e9\u00a0\u00bb, a expliqu\u00e9 le Dr Ilunga.<\/p>\n<p>Pour lui, la confusion pointe \u00e0 l\u2019horizon. \u00ab\u00a0La crise d\u2019Ebola en cours n\u2019est pas une crise humanitaire. C\u2019est une crise de sant\u00e9 publique qui intervient dans un environnement caract\u00e9ris\u00e9 par des probl\u00e8mes de s\u00e9curit\u00e9\u00a0\u00bb.<\/p>\n<p>Il a d\u00e9plor\u00e9 \u00ab\u00a0des pressions de toutes parts qui tendent \u00e0 en faire une crise humanitaire dont les logiques d\u2019intervention consacrent la mise en place d\u2019un syst\u00e8me parall\u00e8le qui ne renforce jamais le syst\u00e8me de sant\u00e9 existant\u00a0\u00bb.<\/p>\n<p>En cons\u00e9quence, selon le Dr Ilunga, \u00ab\u00a0de fortes pressions se sont exerc\u00e9es depuis plusieurs mois pour la mise en \u0153uvre d\u2019une nouvelle exp\u00e9rimentation en RDC\u00a0\u00bb dans la lutte contre Ebola.<\/p>\n<p>\u00ab\u00a0Le seul vaccin \u00e0 \u00eatre utilis\u00e9 dans cette \u00e9pid\u00e9mie est le vaccin rVSV-ZEBOV fabriqu\u00e9 par le groupe pharmaceutique Merck\u00a0\u00bb, a rappel\u00e9 lundi le bulletin du minist\u00e8re de la Sant\u00e9, en indiquant que 169.976 personnes ont \u00e9t\u00e9 vaccin\u00e9es.<\/p>\n<p>\u2013 \u00ab\u00a0Manque d\u2019\u00e9thique\u00a0\u00bb \u2013<\/p>\n<p>Le ministre s\u2019\u00e9tait oppos\u00e9 dans une circulaire \u00e0 l\u2019introduction du deuxi\u00e8me vaccin produit par le laboratoire belge Janssen, filiale de l\u2019Am\u00e9ricain Johnson&#038;Johnson, a indiqu\u00e9 son entourage.<\/p>\n<p>\u00ab\u00a0Il serait illusoire de croire que le nouveau vaccin (\u00e0 deux doses administr\u00e9es \u00e0 56 jours d\u2019intervalle), propos\u00e9 par des acteurs qui ont fait preuve d\u2019un manque d\u2019\u00e9thique manifeste en cachant volontairement des informations importantes aux autorit\u00e9s sanitaires, puisse avoir une incidence d\u00e9terminante sur le contr\u00f4le de l\u2019\u00e9pid\u00e9mie en cours\u00a0\u00bb, affirme le ministre Ilunga.<\/p>\n<p>Samedi, le pr\u00e9sident Tshisekedi a nomm\u00e9 une \u00e9quipe d\u2019experts dirig\u00e9e par le Dr Jean-Jacques Muyembe, le directeur de l\u2019Institut congolais de la recherche biom\u00e9dicale de Kinshasa (INRB), pour assurer la \u00ab\u00a0conduite\u00a0\u00bb de la riposte contre Ebola en RDC sous sa \u00ab\u00a0supervision\u00a0\u00bb.<\/p>\n<p>Le Dr Muyembe \u00ab\u00a0a fait partie de l\u2019\u00e9quipe de recherche ayant enqu\u00eat\u00e9 sur la premi\u00e8re flamb\u00e9e connue de maladie \u00e0 virus Ebola en 1976\u00a0\u00bb, peut-on lire sur le site de l\u2019Organisation mondiale de la sant\u00e9 (OMS).<\/p>\n<p>Dans son entourage, on indique que certains membres du comit\u00e9 pourraient d\u00e9fendre l\u2019introduction du deuxi\u00e8me vaccin, d\u2019o\u00f9 l\u2019enjeu profond de la d\u00e9mission.<\/p>\n<p>Un autre contentieux entre les deux hommes existe: le Dr Oly Ilunga a \u00e9t\u00e9 exclu du parti UDPS apr\u00e8s avoir int\u00e9gr\u00e9 le gouvernement Kabila fin 2016, soit pr\u00e8s de 45 jours avant la d\u00e9c\u00e8s \u00e0 Bruxelles du vieil opposant, p\u00e8re du pr\u00e9sident actuel.<\/p>\n<p>Pour le parti du d\u00e9funt fondateur de l\u2019UDPS, \u00c9tienne Tshisekedi, il s\u2019agissait d\u2019une haute trahison parce que Tshisekedi-p\u00e8re \u00e9tait soign\u00e9 dans un h\u00f4pital en Belgique o\u00f9 le Dr Oly Ilunga exer\u00e7ait des hautes fonctions.<\/p>\n<p>La d\u00e9mission du ministre de la Sant\u00e9 intervient aussi apr\u00e8s la d\u00e9cision de l\u2019OMS d\u2019\u00e9lever l\u2019\u00e9pid\u00e9mie d\u2019Ebola en cours au rang \u00ab\u00a0d\u2019urgence de sant\u00e9 publique de port\u00e9e internationale\u00a0\u00bb.<\/p>\n<\/div>\n<p>Auteur: AFP<br \/>\n<a href=\"https:\/\/www.journalducameroun.com\/ebola-en-rdc-demission-du-ministre-de-la-sante-sur-fond-de-refus-dun-vaccin-belge\/\">Cliquez ici pour lire l&rsquo;article depuis sa source.<\/a><\/p>\n","protected":false},"excerpt":{"rendered":"<p>Publi\u00e9 le 22.07.2019 \u00e0 19h50 par AFP Derri\u00e8re le conflit d\u2019organisation de la riposte contre la maladie d\u2019Ebola n\u00e9 apr\u00e8s la d\u00e9cision du pr\u00e9sident F\u00e9lix Tshisekedi de s\u2019appuyer sur une \u00e9quipe d\u2019experts dans la conduite de la lutte contre cette \u00e9pid\u00e9mie dans l\u2019est de la R\u00e9publique d\u00e9mocratique du Congo, il y aussi le refus de [&hellip;]<\/p>\n","protected":false},"author":1965,"featured_media":0,"comment_status":"closed","ping_status":"closed","sticky":false,"template":"","format":"standard","meta":{"fifu_image_url":"","fifu_image_alt":"","footnotes":""},"categories":[73,82],"tags":[],"class_list":["post-47853","post","type-post","status-publish","format-standard","hentry","category-actualite","category-cameroun"],"_links":{"self":[{"href":"https:\/\/linitiative.ca\/International\/wp-json\/wp\/v2\/posts\/47853","targetHints":{"allow":["GET"]}}],"collection":[{"href":"https:\/\/linitiative.ca\/International\/wp-json\/wp\/v2\/posts"}],"about":[{"href":"https:\/\/linitiative.ca\/International\/wp-json\/wp\/v2\/types\/post"}],"author":[{"embeddable":true,"href":"https:\/\/linitiative.ca\/International\/wp-json\/wp\/v2\/users\/1965"}],"replies":[{"embeddable":true,"href":"https:\/\/linitiative.ca\/International\/wp-json\/wp\/v2\/comments?post=47853"}],"version-history":[{"count":0,"href":"https:\/\/linitiative.ca\/International\/wp-json\/wp\/v2\/posts\/47853\/revisions"}],"wp:attachment":[{"href":"https:\/\/linitiative.ca\/International\/wp-json\/wp\/v2\/media?parent=47853"}],"wp:term":[{"taxonomy":"category","embeddable":true,"href":"https:\/\/linitiative.ca\/International\/wp-json\/wp\/v2\/categories?post=47853"},{"taxonomy":"post_tag","embeddable":true,"href":"https:\/\/linitiative.ca\/International\/wp-json\/wp\/v2\/tags?post=47853"}],"curies":[{"name":"wp","href":"https:\/\/api.w.org\/{rel}","templated":true}]}}