{"id":47854,"date":"2019-07-22T15:18:02","date_gmt":"2019-07-22T19:18:02","guid":{"rendered":"https:\/\/linitiative.ca\/International\/le-g5-sahel-invite-a-souvrir-a-cinq-autres-pays-africains\/"},"modified":"2019-07-22T15:18:02","modified_gmt":"2019-07-22T19:18:02","slug":"le-g5-sahel-invite-a-souvrir-a-cinq-autres-pays-africains","status":"publish","type":"post","link":"https:\/\/linitiative.ca\/International\/le-g5-sahel-invite-a-souvrir-a-cinq-autres-pays-africains\/","title":{"rendered":"Le G5 Sahel invit\u00e9 \u00e0 s\u2019ouvrir \u00e0 cinq autres pays africains"},"content":{"rendered":"<div readability=\"32\">\n<p>Publi\u00e9 le 22.07.2019 \u00e0 20h18 par APA News<\/p>\n<\/div>\n<div readability=\"87\">\n<p>Le pr\u00e9sident de l\u2019Institut Panafricain de Strat\u00e9gies (Ips, think tank), Dr Cheikh Tidiane Gadio a invit\u00e9, lundi \u00e0 Dakar, les dirigeants du G5 Sahel \u00e0 int\u00e9grer cinq autres pays africains, dont le S\u00e9n\u00e9gal et le Maroc.\u00ab Il faut aller vers le G5 Sahel+5 en int\u00e9grant le Marco, l\u2019Alg\u00e9rie, le S\u00e9n\u00e9gal, le Cameroun et le Nigeria. On ne peut pas ne pas int\u00e9grer ces pays si on veut que le G5 Sahel soit efficace. Le Maroc a la meilleure intelligence antiterroriste, l\u2019Alg\u00e9rie a la meilleure exp\u00e9rience de lutte contre le terrorisme, le S\u00e9n\u00e9gal a une arm\u00e9e professionnelle et de qualit\u00e9, le Cameroun est une puissance militaire et le Nigeria est une puissance \u00e9conomique. En les int\u00e9grant, ces pays peuvent beaucoup apporter au G5 Sahel \u00bb, a pr\u00e9conis\u00e9 Dr Gadio, par ailleurs ancien ministre des Affaires \u00e9trang\u00e8res du S\u00e9n\u00e9gal.<\/p>\n<p>Il prenait part \u00e0 un panel sur \u00ab la s\u00e9curit\u00e9 au Sahel : enjeux et d\u00e9fis pour le S\u00e9n\u00e9gal \u00bb dans le cadre de la conf\u00e9rence annuelle sur \u00ab paix et s\u00e9curit\u00e9 dans le Sahel \u00bb, organis\u00e9e par l\u2019Initiative prospective agricole et rurale (IPAR) et le r\u00e9seau Southern Voices Network for Peacebuilding (Les voix du Sud pour la consolidation de la paix).<\/p>\n<p>Cr\u00e9\u00e9 lors d\u2019un sommet du 15 au 17 f\u00e9vrier 2014 par cinq \u00c9tats du Sahel, \u00e0 savoir la Mauritanie, le Mali, le Burkina Faso, le Niger et le Tchad, le G5 Sahel ou \u00ab G5S \u00bb est un cadre institutionnel de coordination et de suivi de la coop\u00e9ration r\u00e9gionale en mati\u00e8re de politiques de d\u00e9veloppement et de s\u00e9curit\u00e9.<\/p>\n<p>Selon Dr Cheikh Tidiane Gadio, rien n\u2019emp\u00eache d\u2019\u00e9largir le G5 Sahel aux cinq pays pr\u00e9cit\u00e9s, pour devenir ainsi le G5 Sahel+5 car, \u00e0 son avis, dans la lutte contre le terrorisme au Sahel, on ne peut pas se passer de l\u2019exp\u00e9rience et l\u2019expertise de l\u2019Alg\u00e9rie, du Maroc, du S\u00e9n\u00e9gal, du Cameroun et du Nigeria.<\/p>\n<p>\u00ab Si les pays du G5 Sahel se regroupent avec l\u2019Alg\u00e9rie, le Maroc, le Nig\u00e9ria, le Cameroun et le S\u00e9n\u00e9gal, la question du financement ne peut plus se poser. Les troupes d\u2019\u00e9lite de ces pays mises ensemble pourraient apporter une solution \u00bb, a poursuivi Dr Gadio.<\/p>\n<\/div>\n<p>Auteur: APA News<br \/>\n<a href=\"https:\/\/www.journalducameroun.com\/le-g5-sahel-invite-a-souvrir-a-cinq-autres-pays-africains\/\">Cliquez ici pour lire l&rsquo;article depuis sa source.<\/a><\/p>\n","protected":false},"excerpt":{"rendered":"<p>Publi\u00e9 le 22.07.2019 \u00e0 20h18 par APA News Le pr\u00e9sident de l\u2019Institut Panafricain de Strat\u00e9gies (Ips, think tank), Dr Cheikh Tidiane Gadio a invit\u00e9, lundi \u00e0 Dakar, les dirigeants du G5 Sahel \u00e0 int\u00e9grer cinq autres pays africains, dont le S\u00e9n\u00e9gal et le Maroc.\u00ab Il faut aller vers le G5 Sahel+5 en int\u00e9grant le Marco, [&hellip;]<\/p>\n","protected":false},"author":1965,"featured_media":0,"comment_status":"closed","ping_status":"closed","sticky":false,"template":"","format":"standard","meta":{"fifu_image_url":"","fifu_image_alt":"","footnotes":""},"categories":[73,82],"tags":[],"class_list":["post-47854","post","type-post","status-publish","format-standard","hentry","category-actualite","category-cameroun"],"_links":{"self":[{"href":"https:\/\/linitiative.ca\/International\/wp-json\/wp\/v2\/posts\/47854","targetHints":{"allow":["GET"]}}],"collection":[{"href":"https:\/\/linitiative.ca\/International\/wp-json\/wp\/v2\/posts"}],"about":[{"href":"https:\/\/linitiative.ca\/International\/wp-json\/wp\/v2\/types\/post"}],"author":[{"embeddable":true,"href":"https:\/\/linitiative.ca\/International\/wp-json\/wp\/v2\/users\/1965"}],"replies":[{"embeddable":true,"href":"https:\/\/linitiative.ca\/International\/wp-json\/wp\/v2\/comments?post=47854"}],"version-history":[{"count":0,"href":"https:\/\/linitiative.ca\/International\/wp-json\/wp\/v2\/posts\/47854\/revisions"}],"wp:attachment":[{"href":"https:\/\/linitiative.ca\/International\/wp-json\/wp\/v2\/media?parent=47854"}],"wp:term":[{"taxonomy":"category","embeddable":true,"href":"https:\/\/linitiative.ca\/International\/wp-json\/wp\/v2\/categories?post=47854"},{"taxonomy":"post_tag","embeddable":true,"href":"https:\/\/linitiative.ca\/International\/wp-json\/wp\/v2\/tags?post=47854"}],"curies":[{"name":"wp","href":"https:\/\/api.w.org\/{rel}","templated":true}]}}