{"id":47855,"date":"2019-07-22T15:50:01","date_gmt":"2019-07-22T19:50:01","guid":{"rendered":"https:\/\/linitiative.ca\/International\/migrants-en-mediterranee-14-pays-europeens-daccord-sur-un-mecanisme-de-solidarite-2\/"},"modified":"2019-07-22T15:50:01","modified_gmt":"2019-07-22T19:50:01","slug":"migrants-en-mediterranee-14-pays-europeens-daccord-sur-un-mecanisme-de-solidarite-2","status":"publish","type":"post","link":"https:\/\/linitiative.ca\/International\/migrants-en-mediterranee-14-pays-europeens-daccord-sur-un-mecanisme-de-solidarite-2\/","title":{"rendered":"Migrants en M\u00e9diterran\u00e9e: 14 pays europ\u00e9ens d\u2019accord sur un \u00ab\u00a0m\u00e9canisme de solidarit\u00e9\u00a0\u00bb"},"content":{"rendered":"<div readability=\"32\">\n<p>Publi\u00e9 le 22.07.2019 \u00e0 20h50 par AFP<\/p>\n<\/div>\n<div readability=\"153\">\n<p>Quatorze pays europ\u00e9ens ont donn\u00e9 leur accord, dont huit \u00ab\u00a0de mani\u00e8re active\u00a0\u00bb, pour mettre en \u0153uvre un \u00ab\u00a0m\u00e9canisme de solidarit\u00e9\u00a0\u00bb visant \u00e0 se r\u00e9partir les migrants secourus en M\u00e9diterran\u00e9e, a annonc\u00e9 lundi Emmanuel Macron.<\/p>\n<p>\u00ab\u00a0Sur le principe, 14 \u00c9tats-membres \u00e0 ce stade ont donn\u00e9 leur accord sur le document franco-allemand. Parmi ces 14, huit ont, de mani\u00e8re active, act\u00e9 de leur participation\u00a0\u00bb, a d\u00e9clar\u00e9 le pr\u00e9sident apr\u00e8s avoir re\u00e7u \u00e0 l\u2019\u00c9lys\u00e9e le Haut-Commissaire de l\u2019ONU pour les r\u00e9fugi\u00e9s (HCR) Filippo Grandi et le directeur g\u00e9n\u00e9ral de l\u2019Organisation Internationale pour les Migrations (OIM) Manuel de Carvalho Ferreira Vitorino.<\/p>\n<p>Les huit pays \u00ab\u00a0actifs\u00a0\u00bb sont la France, l\u2019Allemagne, le Portugal, le Luxembourg, la Finlande, la Lituanie, la Croatie et l\u2019Irlande, a indiqu\u00e9 l\u2019\u00c9lys\u00e9e, sans pr\u00e9ciser le nom des six autres.<\/p>\n<p>L\u2019accord a \u00e9t\u00e9 conclu lundi matin au cours d\u2019une r\u00e9union de travail sur \u00ab\u00a0les migrations en M\u00e9diterran\u00e9e\u00a0\u00bb qui s\u2019est tenue \u00e0 Paris avec des repr\u00e9sentants de l\u2019ensemble des pays europ\u00e9ens, sous l\u2019\u00e9gide des ministres de l\u2019Int\u00e9rieur, Christophe Castaner, et des Affaires \u00e9trang\u00e8res, Jean-Yves Le Drian.<\/p>\n<p>Le ministre de l\u2019Int\u00e9rieur italien, Matteo Salvini, a qualifi\u00e9 de \u00ab\u00a0flop\u00a0\u00bb cette r\u00e9union qui a, selon lui, \u00ab\u00a0r\u00e9affirm\u00e9 que l\u2019Italie devrait continuer \u00e0 \u00eatre le camp de r\u00e9fugi\u00e9s de l\u2019Europe\u00a0\u00bb.<\/p>\n<p>L\u2019objectif de cette r\u00e9union \u00e9tait, selon une source proche du dossier, \u00ab\u00a0de trouver en septembre \u00e0 Malte un accord avec une dizaine de pays, entre 12 et 15, sur un m\u00e9canisme permettant d\u2019assurer plus d\u2019efficacit\u00e9 et plus d\u2019humanisme dans les d\u00e9barquements de migrants en M\u00e9diterran\u00e9e\u00a0\u00bb.<\/p>\n<p>Sous l\u2019impulsion de Paris et de Berlin, les ministres ont planch\u00e9 sur une \u00ab\u00a0coalition de (pays) volontaires\u00a0\u00bb qui s\u2019engageraient \u00e0 syst\u00e9matiquement se r\u00e9partir l\u2019accueil des personnes secourues, sans avoir \u00e0 engager de p\u00e9nibles n\u00e9gociations apr\u00e8s chaque sauvetage.<\/p>\n<p>Ce m\u00e9canisme pr\u00e9voit de r\u00e9partir \u00ab\u00a0aussi vite que possible\u00a0\u00bb les personnes demandant l\u2019asile dans les pays faisant partie de la \u00ab\u00a0coalition de volontaires\u00a0\u00bb, en \u00e9change d\u2019une ouverture de leurs ports par l\u2019Italie et Malte.<\/p>\n<p>\u2013 \u00ab\u00a0Partage du fardeau\u00a0\u00bb \u2013<\/p>\n<p>\u00ab\u00a0Nous avons consolid\u00e9 le m\u00e9canisme de r\u00e9partition \u00e0 court terme, mais nous souhaitons aller plus loin (\u2026) en responsabilisant l\u2019ensemble des pays-membres, les structures communautaires qui existent\u00a0\u00bb et en am\u00e9liorant \u00ab\u00a0l\u2019efficacit\u00e9 de nos politiques de retour (des migrants) volontaire ou contraint vers les pays d\u2019origine\u00a0\u00bb, a r\u00e9sum\u00e9 Emmanuel Macron.<\/p>\n<p>Il s\u2019agit, selon l\u2019\u00c9lys\u00e9e, \u00ab\u00a0d\u2019acc\u00e9l\u00e9rer le retour\u00a0\u00bb pour ceux qui \u00ab\u00a0n\u2019ont pas vocation \u00e0 l\u2019asile\u00a0\u00bb.<\/p>\n<p>Emmanuel Macron a exprim\u00e9 l\u2019espoir que \u00ab\u00a0l\u2019ensemble des pays-membres participent\u00a0\u00bb au programme, qu\u2019il a de nouveau li\u00e9 \u00e0 l\u2019octroi d\u2019une partie des fonds structurels de l\u2019UE. \u00ab\u00a0L\u2019Europe n\u2019est pas \u00e0 la carte lorsqu\u2019il s\u2019agit de la solidarit\u00e9\u00a0\u00bb, a-t-il averti.<\/p>\n<p>Le patron du HCR, Filippo Grandi, a salu\u00e9 l\u2019avanc\u00e9e r\u00e9alis\u00e9e tout en se d\u00e9clarant \u00ab\u00a0inquiet\u00a0\u00bb de la diminution de \u00ab\u00a0la capacit\u00e9 de sauvetage\u00a0\u00bb des migrants tentant la travers\u00e9e de la M\u00e9diterran\u00e9e centrale.<\/p>\n<p>Le ministre de l\u2019Int\u00e9rieur italien, Matteo Salvini a r\u00e9affirm\u00e9 son opposition \u00e0 cet accord. \u00ab\u00a0J\u2019avais d\u00e9j\u00e0 dit non \u00e0 mon homologue Castaner \u00e0 Helsinki la semaine derni\u00e8re. Je le r\u00e9p\u00e8te aujourd\u2019hui, apr\u00e8s que les sommets fran\u00e7ais et allemand \u00e0 Paris se sont r\u00e9v\u00e9l\u00e9s \u00eatre un \u00e9chec\u00a0\u00bb, a-t-il d\u00e9clar\u00e9 dans un communiqu\u00e9. \u00ab\u00a0L\u2019Italie ne re\u00e7oit pas d\u2019ordres\u00a0\u00bb, a-t-il martel\u00e9, ajoutant: \u00ab\u00a0Si Macron veut discuter des immigr\u00e9s, venez aussi \u00e0 Rome\u00a0\u00bb.<\/p>\n<p>L\u2019absence de \u00ab\u00a0partage du fardeau\u00a0\u00bb de l\u2019accueil est l\u2019un des principaux arguments de l\u2019Italie pour expliquer la fermeture de ses ports.<\/p>\n<p>En promettant d\u2019embl\u00e9e une r\u00e9partition, l\u2019objectif est de mettre fin aux bras de fer \u00e0 r\u00e9p\u00e9tition, notamment avec Rome, et de \u00ab\u00a0ne laisser monter le populisme nulle part\u00a0\u00bb, selon le pr\u00e9sident fran\u00e7ais.<\/p>\n<p>Des ONG comme SOS-M\u00e9diterran\u00e9e et M\u00e9decins sans fronti\u00e8res ont soulign\u00e9 de nouveau le \u00ab\u00a0besoin de solidarit\u00e9\u00a0\u00bb pour ne pas laisser la \u00ab\u00a0responsabilit\u00e9 de d\u00e9barquer les migrants \u00e0 l\u2019Italie et \u00e0 Malte\u00a0\u00bb. \u00ab\u00a0On ne peut pas attendre que tout le monde soit d\u2019accord, il y a urgence en M\u00e9diterran\u00e9e centrale\u00a0\u00bb, a lanc\u00e9 Sophie Beau, directrice g\u00e9n\u00e9rale de SOS-M\u00e9diterran\u00e9e.<\/p>\n<p>al-ola-jri-sva\/epe\/sd<\/p>\n<\/div>\n<p>Auteur: AFP<br \/>\n<a href=\"https:\/\/www.journalducameroun.com\/migrants-en-mediterranee-14-pays-europeens-daccord-sur-un-mecanisme-de-solidarite-2\/\">Cliquez ici pour lire l&rsquo;article depuis sa source.<\/a><\/p>\n","protected":false},"excerpt":{"rendered":"<p>Publi\u00e9 le 22.07.2019 \u00e0 20h50 par AFP Quatorze pays europ\u00e9ens ont donn\u00e9 leur accord, dont huit \u00ab\u00a0de mani\u00e8re active\u00a0\u00bb, pour mettre en \u0153uvre un \u00ab\u00a0m\u00e9canisme de solidarit\u00e9\u00a0\u00bb visant \u00e0 se r\u00e9partir les migrants secourus en M\u00e9diterran\u00e9e, a annonc\u00e9 lundi Emmanuel Macron. \u00ab\u00a0Sur le principe, 14 \u00c9tats-membres \u00e0 ce stade ont donn\u00e9 leur accord sur le [&hellip;]<\/p>\n","protected":false},"author":1965,"featured_media":0,"comment_status":"closed","ping_status":"closed","sticky":false,"template":"","format":"standard","meta":{"fifu_image_url":"","fifu_image_alt":"","footnotes":""},"categories":[73,82],"tags":[],"class_list":["post-47855","post","type-post","status-publish","format-standard","hentry","category-actualite","category-cameroun"],"_links":{"self":[{"href":"https:\/\/linitiative.ca\/International\/wp-json\/wp\/v2\/posts\/47855","targetHints":{"allow":["GET"]}}],"collection":[{"href":"https:\/\/linitiative.ca\/International\/wp-json\/wp\/v2\/posts"}],"about":[{"href":"https:\/\/linitiative.ca\/International\/wp-json\/wp\/v2\/types\/post"}],"author":[{"embeddable":true,"href":"https:\/\/linitiative.ca\/International\/wp-json\/wp\/v2\/users\/1965"}],"replies":[{"embeddable":true,"href":"https:\/\/linitiative.ca\/International\/wp-json\/wp\/v2\/comments?post=47855"}],"version-history":[{"count":0,"href":"https:\/\/linitiative.ca\/International\/wp-json\/wp\/v2\/posts\/47855\/revisions"}],"wp:attachment":[{"href":"https:\/\/linitiative.ca\/International\/wp-json\/wp\/v2\/media?parent=47855"}],"wp:term":[{"taxonomy":"category","embeddable":true,"href":"https:\/\/linitiative.ca\/International\/wp-json\/wp\/v2\/categories?post=47855"},{"taxonomy":"post_tag","embeddable":true,"href":"https:\/\/linitiative.ca\/International\/wp-json\/wp\/v2\/tags?post=47855"}],"curies":[{"name":"wp","href":"https:\/\/api.w.org\/{rel}","templated":true}]}}