{"id":47876,"date":"2019-07-22T03:54:09","date_gmt":"2019-07-22T07:54:09","guid":{"rendered":"https:\/\/linitiative.ca\/International\/programme-economique-et-financier-les-recommandations-du-fmi-au-cameroun\/"},"modified":"2019-07-22T03:54:09","modified_gmt":"2019-07-22T07:54:09","slug":"programme-economique-et-financier-les-recommandations-du-fmi-au-cameroun","status":"publish","type":"post","link":"https:\/\/linitiative.ca\/International\/programme-economique-et-financier-les-recommandations-du-fmi-au-cameroun\/","title":{"rendered":"Programme \u00e9conomique et financier : les recommandations du FMI au Cameroun"},"content":{"rendered":"<p>C\u2019est un autre examen de conformit\u00e9 que vient de passer avec succ\u00e8s le Cameroun pour ce qui est de ses engagements pris dans le cadre du programme \u00e9conomique et financier avec le Fonds mon\u00e9taire International (<strong>FMI<\/strong>). En effet, le conseil d\u2019administration du\u00a0 FMI, a conclu favorablement le mercredi 17 juillet dernier, la 4\u00e8me revue du programme \u00e9conomique et financier appuy\u00e9 par la <strong>Facilit\u00e9 \u00e9largie de cr\u00e9dit (FEC)<\/strong>. Ce qui donne lieu au d\u00e9caissement en faveur du Cameroun d\u2019un montant de <strong>55,2 millions de DTS<\/strong>, soit environ <strong>44 milliards de FCFA,<\/strong> portant ainsi \u00e0 presque <strong>296 milliards de FCFA,<\/strong> le montant total des appuis budg\u00e9taires de cette institution depuis le d\u00e9but dudit programme en juin 2017. Pour le ministre\u00a0 des Finances, <strong>Louis Paul Motaze<\/strong>, cette d\u00e9cision des administrateurs du FMI, tout en confortant les efforts du gouvernement dans la mise en \u0153uvre des politiques de consolidation budg\u00e9taire et des r\u00e9formes structurelles n\u00e9cessaires \u00e0 l\u2019am\u00e9lioration des performances de l\u2019\u00e9conomie camerounaise, vient ainsi renforcer la cr\u00e9dibilit\u00e9 du pays vis-\u00e0-vis de partenaires techniques et financiers.<\/p>\n<hr\/>\n<h4><strong>>> Lire aussi \u2013 <a title=\"Ajustement structurel: vers un autre programme avec le FMI ?\" href=\"https:\/\/ecomatin.net\/ajustement-structurel-vers-un-autre-programme-avec-le-fmi\/\" target=\"_blank\" rel=\"noopener noreferrer\">Ajustement structurel: vers un autre programme avec le FMI ?<\/a><br \/><\/strong><\/h4>\n<hr\/>\n<p>N\u00e9anmoins, selon les confidences de l\u2019ex-chef de d\u00e9l\u00e9gation du FMI au Cameroun, <strong>Corinne D\u00e9l\u00e9chat<\/strong> qui quitte le pays en remplacement d\u2019<strong>Amadou Sy<\/strong>, cette approbation de la 4<sup>\u00e8me<\/sup> revue ne s\u2019est pas faite sans r\u00e9serves. La majorit\u00e9 des commentaires des membres du conseil d\u2019administration, pr\u00e9cise-t-elle, s\u2019est concentr\u00e9e sur la question de l\u2019endettement public, le besoin de privil\u00e9gier les emprunts concessionnels et d\u2019am\u00e9liorer le cadre de gestion de la dette pour \u00e9viter de nouveaux arri\u00e9r\u00e9s. Mais aussi, l\u2019importance de surveiller les passifs contingents. Tout comme ils se sont r\u00e9jouis des \u00e9tudes diagnostic de 04 entreprises publiques d\u2019ici la fin de l\u2019ann\u00e9e. Ils soulignent par ailleurs que les emprunts ext\u00e9rieurs doivent \u00eatre affect\u00e9s \u00e0 des projets prioritaires favorisant la croissance. Pour ce qui est des finances publiques, ils ont indiqu\u00e9 la n\u00e9cessit\u00e9 de poursuivre une consolidation de qualit\u00e9 bas\u00e9e sur la mobilisation des recettes non p\u00e9troli\u00e8res et en particulier la r\u00e9duction des exon\u00e9rations. La mise en place du compte unique du Tr\u00e9sor et l\u2019encadrement strict des proc\u00e9dures d\u00e9rogatoires de d\u00e9penses vont \u00e9galement soutenir les objectifs de politique budg\u00e9taire.<\/p>\n<p>Mais comme le rappelle le Minfi, le\u00a0 gouvernement met en \u0153uvre depuis le\u00a0 juin 26 juin 2017, un programme de r\u00e9formes b\u00e9n\u00e9ficiant de l\u2019appui de partenaires au d\u00e9veloppement, programme qui vise \u00e0 consolider le cadre macro\u00e9conomique, \u00e0 renforcer la comp\u00e9titivit\u00e9 de l\u2019\u00e9conomie, \u00e0 am\u00e9liorer les services sociaux et \u00e0 \u00e9largir la protection sociale afin de r\u00e9duire la vuln\u00e9rabilit\u00e9 des populations fragiles. Gr\u00e2ce \u00e0\u00a0 ces r\u00e9formes et malgr\u00e9 un contexte socio-\u00e9conomique difficile, pr\u00e9cise-t-on, la croissance du PIB a atteint 4% en 2018 apr\u00e8s deux ann\u00e9es de ralentissement. Les perspectives \u00e9conomiques \u00e0 moyen terme restent favorables avec un taux de croissance pouvant atteindre ou d\u00e9passer 4,5% en moyenne au cours de la p\u00e9riode 2019-2021.<\/p>\n<div class=\"about-author about-author-box container-wrapper\">\n<div class=\"author-avatar\">\n<p><img decoding=\"async\" src=\"http:\/\/\" alt=\"\"\/><\/p>\n<\/div>\n<p><h4>La R\u00e9daction EcoMatin<\/h4>\n<\/p>\n<\/div>\n<div class=\"awac-wrapper awac widget blog_subscription-2\">\n<h4 class=\"widget-title\">Abonnez-vous \u00e0 notre lettre d&rsquo;information<\/h4>\n<\/div>\n<p>Auteur: EcoMatin<br \/>\n<a href=\"https:\/\/ecomatin.net\/programme-economique-et-financier-les-recommandations-du-fmi-au-cameroun\/\">Cliquez ici pour lire l&rsquo;article depuis sa source.<\/a><\/p>\n","protected":false},"excerpt":{"rendered":"<p>C\u2019est un autre examen de conformit\u00e9 que vient de passer avec succ\u00e8s le Cameroun pour ce qui est de ses engagements pris dans le cadre du programme \u00e9conomique et financier avec le Fonds mon\u00e9taire International (FMI). En effet, le conseil d\u2019administration du\u00a0 FMI, a conclu favorablement le mercredi 17 juillet dernier, la 4\u00e8me revue du [&hellip;]<\/p>\n","protected":false},"author":1969,"featured_media":0,"comment_status":"closed","ping_status":"closed","sticky":false,"template":"","format":"standard","meta":{"fifu_image_url":"","fifu_image_alt":"","footnotes":""},"categories":[82,78],"tags":[],"class_list":["post-47876","post","type-post","status-publish","format-standard","hentry","category-cameroun","category-economie"],"_links":{"self":[{"href":"https:\/\/linitiative.ca\/International\/wp-json\/wp\/v2\/posts\/47876","targetHints":{"allow":["GET"]}}],"collection":[{"href":"https:\/\/linitiative.ca\/International\/wp-json\/wp\/v2\/posts"}],"about":[{"href":"https:\/\/linitiative.ca\/International\/wp-json\/wp\/v2\/types\/post"}],"author":[{"embeddable":true,"href":"https:\/\/linitiative.ca\/International\/wp-json\/wp\/v2\/users\/1969"}],"replies":[{"embeddable":true,"href":"https:\/\/linitiative.ca\/International\/wp-json\/wp\/v2\/comments?post=47876"}],"version-history":[{"count":0,"href":"https:\/\/linitiative.ca\/International\/wp-json\/wp\/v2\/posts\/47876\/revisions"}],"wp:attachment":[{"href":"https:\/\/linitiative.ca\/International\/wp-json\/wp\/v2\/media?parent=47876"}],"wp:term":[{"taxonomy":"category","embeddable":true,"href":"https:\/\/linitiative.ca\/International\/wp-json\/wp\/v2\/categories?post=47876"},{"taxonomy":"post_tag","embeddable":true,"href":"https:\/\/linitiative.ca\/International\/wp-json\/wp\/v2\/tags?post=47876"}],"curies":[{"name":"wp","href":"https:\/\/api.w.org\/{rel}","templated":true}]}}