{"id":47877,"date":"2019-07-22T05:19:56","date_gmt":"2019-07-22T09:19:56","guid":{"rendered":"https:\/\/linitiative.ca\/International\/par-xavier-messe-limogeage-des-coaches-des-lions-encore-des-tartufferies\/"},"modified":"2019-07-22T05:19:56","modified_gmt":"2019-07-22T09:19:56","slug":"par-xavier-messe-limogeage-des-coaches-des-lions-encore-des-tartufferies","status":"publish","type":"post","link":"https:\/\/linitiative.ca\/International\/par-xavier-messe-limogeage-des-coaches-des-lions-encore-des-tartufferies\/","title":{"rendered":"Par Xavier Messe \u2013 Limogeage des coaches des Lions : encore des tartufferies !"},"content":{"rendered":"<p><strong><a href=\"https:\/\/i0.wp.com\/ecomatin.net\/wp-content\/uploads\/2019\/03\/ecomatin.net-voici-pourquoi-il-faut-liberer-kamto-xavier-messe-ok.jpg?ssl=1\"><\/p>\n<p><img loading=\"lazy\" decoding=\"async\" data-attachment-id=\"6299\" data-permalink=\"https:\/\/ecomatin.net\/voici-pourquoi-il-faut-liberer-kamto\/xavier-messe-ok\/\" data-orig-file=\"https:\/\/i0.wp.com\/ecomatin.net\/wp-content\/uploads\/2019\/03\/ecomatin.net-voici-pourquoi-il-faut-liberer-kamto-xavier-messe-ok.jpg?fit=600%2C677&#038;ssl=1\" data-orig-size=\"600,677\" data-comments-opened=\"0\" data-image-meta=\"{\"aperture\":\"0\",\"credit\":\"\",\"camera\":\"\",\"caption\":\"\",\"created_timestamp\":\"0\",\"copyright\":\"\",\"focal_length\":\"0\",\"iso\":\"0\",\"shutter_speed\":\"0\",\"title\":\"\",\"orientation\":\"0\"}\" data-image-title=\"Xavier Messe Ok\" data-image-description=\"\" data-medium-file=\"https:\/\/i0.wp.com\/ecomatin.net\/wp-content\/uploads\/2019\/03\/ecomatin.net-voici-pourquoi-il-faut-liberer-kamto-xavier-messe-ok.jpg?fit=266%2C300&#038;ssl=1\" data-large-file=\"https:\/\/i0.wp.com\/ecomatin.net\/wp-content\/uploads\/2019\/03\/ecomatin.net-voici-pourquoi-il-faut-liberer-kamto-xavier-messe-ok.jpg?fit=600%2C677&#038;ssl=1\" class=\" wp-image-6299 alignleft\" src=\"https:\/\/i0.wp.com\/ecomatin.net\/wp-content\/uploads\/2019\/03\/ecomatin.net-voici-pourquoi-il-faut-liberer-kamto-xavier-messe-ok.jpg?resize=157%2C177&#038;ssl=1\" alt=\"\" width=\"157\" height=\"177\" srcset=\"https:\/\/i0.wp.com\/ecomatin.net\/wp-content\/uploads\/2019\/03\/ecomatin.net-voici-pourquoi-il-faut-liberer-kamto-xavier-messe-ok.jpg?w=600&#038;ssl=1 600w, https:\/\/i0.wp.com\/ecomatin.net\/wp-content\/uploads\/2019\/03\/ecomatin.net-voici-pourquoi-il-faut-liberer-kamto-xavier-messe-ok.jpg?resize=266%2C300&#038;ssl=1 266w\" sizes=\"auto, (max-width: 157px) 100vw, 157px\" data-recalc-dims=\"1\"\/><\/p>\n<p><\/a>Mouell\u00e9 Kombi<\/strong>, le ministre en charge des Sports fait encore parler de lui: de la bouffonnerie \u00e0 haute \u00e9chelle ! Il a encore ordonn\u00e9 \u00e0 <strong>Seydou Mbombo Njoya<\/strong>, le patron de la <strong>Fecafoot<\/strong>, de mettre un terme au contrat qui avait confi\u00e9 l\u2019encadrement des Lions indomptables au tandem des N\u00e9erlandais, <strong>Clarence Seedorf<\/strong> et <strong>Patrick Kluivert<\/strong>.<\/p>\n<p>Les avait-il appel\u00e9s auparavant pour les \u00e9couter, les questionner afin de savoir comment ils ont travaill\u00e9, de la pr\u00e9paration \u00e0 la campagne du pays des Pharaons ? Quels \u00e9taient leurs \u00e9cueils ? C\u2019est cela le \u00ab <em>b a ba<\/em> \u00bb en management qu\u2019un ministre est sens\u00e9 ne pas ignorer. Mouell\u00e9 Kombi a choisi le plus facile, ce qui prouve le plus qu\u2019il est une autorit\u00e9 disposant d\u2019un pouvoir: intimer au servile Seydou Mbombo Njoya, le pr\u00e9sident de la Fecafoot, l\u2019ordre de signifier \u00e0 Clarence Seedorf et \u00e0 son adjoint leur licenciement. Cela a \u00e9t\u00e9 fait, par communiqu\u00e9 de presse ! C\u2019est un monstrueux d\u00e9ficit d\u2019\u00e9l\u00e9gance et de modernit\u00e9 venant d\u2019un ministre qu\u2019on aper\u00e7oit toujours soign\u00e9 de la moustache au costume.<\/p>\n<p>Nous pensons qu\u2019un entra\u00eeneur s\u00e9lectionneur devrait disposer de suffisamment du temps pour construire un bloc solide et homog\u00e8ne de joueurs, dot\u00e9s d\u2019un mental de gagneurs. Cela ne se construit pas en 11 mois, mais en plusieurs ann\u00e9es.\u00a0Depuis toujours, on a pris la mauvaise habitude d\u2019obstruer l\u2019encadrement technique des Lions de toute sorte d\u2019inutilit\u00e9 et d\u2019interventions multiples. Il est impossible qu\u2019un s\u00e9lectionneur, fut-il <strong>Sir Alex Ferguson<\/strong>, de produire de r\u00e9sultats dans un pareil contexte. C\u2019est cet environnement que le Cameroun offre \u00e0 tout s\u00e9lectionneur qui met ses pieds ici. Il faut ajouter \u00e0 ceci une stupidit\u00e9 strictement camerounaise qui voudrait que chaque ministre des sports recrute \u00ab <em>entra\u00eeneur<\/em> \u00bb des Lions. Nous pouvons imaginer le pourquoi de cette valse \u00e0 deux temps\u2026<\/p>\n<p>Clarence Seedorf et Patrick Kluivert sont tomb\u00e9s dans ce panier \u00e0 crabes. Le duo n\u00e9erlandais avait pourtant de quoi polir l\u2019image des Lions et porter leurs couleurs vers les cimes du football. En un an, Seedorf a d\u00e9montr\u00e9 qu\u2019il pouvait prendre son carnet d\u2019adresses et ouvrir n\u2019importe quelle porte \u00e0 son \u00e9quipe: le match amical contre le Br\u00e9sil \u00e0 guichet ferm\u00e9 \u00e0 Londres, la pr\u00e9paration des Lions \u00e0 Madrid\u2026 c\u2019est le carnet de Seedorf.\u00a0Dans une de ses premi\u00e8res d\u00e9clarations de s\u00e9lectionneur des Lions, Clarence Seedorf avait d\u00e9clar\u00e9 que le Cameroun lui donne l\u2019opportunit\u00e9 de rendre \u00e0 l\u2019Afrique ce continent a donn\u00e9 \u00e0 ses anc\u00eatres. Mouell\u00e9 Kombi ne lui aura pas laiss\u00e9 le temps d\u2019accomplir son v\u0153u. M\u00eame si cela s\u2019av\u00e9rait n\u00e9cessaire et in\u00e9vitable de se d\u00e9barrasser de ces techniciens, il fallait tout au moins y mettre de la mani\u00e8re.<\/p>\n<p>Mouell\u00e9 Kombi a choisi bizarrement de traiter ces N\u00e9erlandais comme des paum\u00e9s. Erreur monumentale car, si Mouell\u00e9 Kombi se croit important au Cameroun, sorti de ce triangle national, il ne vaut m\u00eame pas la semelle d\u2019un Seedorf ou d\u2019un Kluivert qu\u2019il a humili\u00e9s. A deux ans de la prochaine Can que le Cameroun va h\u00e9berger, le turnover recommence, par la volont\u00e9 d\u2019un ministre qui se voudrait important. Voil\u00e0 l\u2019image que projette notre pays, de la tartufferie d\u2019une personne, Narcisse Mouell\u00e9 Kombi !<\/p>\n<div class=\"about-author about-author-box container-wrapper\">\n<div class=\"author-avatar\">\n<p><img decoding=\"async\" src=\"http:\/\/\" alt=\"\"\/><\/p>\n<\/div>\n<p><h4>La R\u00e9daction EcoMatin<\/h4>\n<\/p>\n<\/div>\n<div class=\"awac-wrapper awac widget blog_subscription-2\">\n<h4 class=\"widget-title\">Abonnez-vous \u00e0 notre lettre d&rsquo;information<\/h4>\n<\/div>\n<p>Auteur: EcoMatin<br \/>\n<a href=\"https:\/\/ecomatin.net\/par-xavier-messe-limogeage-des-coaches-des-lions-encore-des-tartufferies\/\">Cliquez ici pour lire l&rsquo;article depuis sa source.<\/a><\/p>\n","protected":false},"excerpt":{"rendered":"<p>Mouell\u00e9 Kombi, le ministre en charge des Sports fait encore parler de lui: de la bouffonnerie \u00e0 haute \u00e9chelle ! Il a encore ordonn\u00e9 \u00e0 Seydou Mbombo Njoya, le patron de la Fecafoot, de mettre un terme au contrat qui avait confi\u00e9 l\u2019encadrement des Lions indomptables au tandem des N\u00e9erlandais, Clarence Seedorf et Patrick Kluivert. [&hellip;]<\/p>\n","protected":false},"author":1969,"featured_media":0,"comment_status":"closed","ping_status":"closed","sticky":false,"template":"","format":"standard","meta":{"fifu_image_url":"","fifu_image_alt":"","footnotes":""},"categories":[82,78],"tags":[],"class_list":["post-47877","post","type-post","status-publish","format-standard","hentry","category-cameroun","category-economie"],"_links":{"self":[{"href":"https:\/\/linitiative.ca\/International\/wp-json\/wp\/v2\/posts\/47877","targetHints":{"allow":["GET"]}}],"collection":[{"href":"https:\/\/linitiative.ca\/International\/wp-json\/wp\/v2\/posts"}],"about":[{"href":"https:\/\/linitiative.ca\/International\/wp-json\/wp\/v2\/types\/post"}],"author":[{"embeddable":true,"href":"https:\/\/linitiative.ca\/International\/wp-json\/wp\/v2\/users\/1969"}],"replies":[{"embeddable":true,"href":"https:\/\/linitiative.ca\/International\/wp-json\/wp\/v2\/comments?post=47877"}],"version-history":[{"count":0,"href":"https:\/\/linitiative.ca\/International\/wp-json\/wp\/v2\/posts\/47877\/revisions"}],"wp:attachment":[{"href":"https:\/\/linitiative.ca\/International\/wp-json\/wp\/v2\/media?parent=47877"}],"wp:term":[{"taxonomy":"category","embeddable":true,"href":"https:\/\/linitiative.ca\/International\/wp-json\/wp\/v2\/categories?post=47877"},{"taxonomy":"post_tag","embeddable":true,"href":"https:\/\/linitiative.ca\/International\/wp-json\/wp\/v2\/tags?post=47877"}],"curies":[{"name":"wp","href":"https:\/\/api.w.org\/{rel}","templated":true}]}}