{"id":47878,"date":"2019-07-22T05:41:22","date_gmt":"2019-07-22T09:41:22","guid":{"rendered":"https:\/\/linitiative.ca\/International\/fmi-cameroun-amadou-sy-va-poursuivre-le-programme-economique-et-financier\/"},"modified":"2019-07-22T05:41:22","modified_gmt":"2019-07-22T09:41:22","slug":"fmi-cameroun-amadou-sy-va-poursuivre-le-programme-economique-et-financier","status":"publish","type":"post","link":"https:\/\/linitiative.ca\/International\/fmi-cameroun-amadou-sy-va-poursuivre-le-programme-economique-et-financier\/","title":{"rendered":"FMI Cameroun : Amadou Sy va poursuivre le Programme \u00e9conomique et financier"},"content":{"rendered":"<div class=\"entry-content entry clearfix\" readability=\"54\">\n<p><strong><a href=\"https:\/\/i1.wp.com\/ecomatin.net\/wp-content\/uploads\/2019\/07\/ecomatin.net-delegation-du-fmi-au-cameroun-amadou-sy-va-poursuivre-le-programme-economique-et-financier-amadou-sy.jpg?ssl=1\"><\/p>\n<p><img loading=\"lazy\" decoding=\"async\" data-attachment-id=\"10088\" data-permalink=\"https:\/\/ecomatin.net\/delegation-du-fmi-au-cameroun-amadou-sy-va-poursuivre-le-programme-economique-et-financier\/amadou-sy\/\" data-orig-file=\"https:\/\/i1.wp.com\/ecomatin.net\/wp-content\/uploads\/2019\/07\/ecomatin.net-delegation-du-fmi-au-cameroun-amadou-sy-va-poursuivre-le-programme-economique-et-financier-amadou-sy.jpg?fit=386%2C300&#038;ssl=1\" data-orig-size=\"386,300\" data-comments-opened=\"0\" data-image-meta=\"{\"aperture\":\"0\",\"credit\":\"\",\"camera\":\"\",\"caption\":\"\",\"created_timestamp\":\"0\",\"copyright\":\"\",\"focal_length\":\"0\",\"iso\":\"0\",\"shutter_speed\":\"0\",\"title\":\"\",\"orientation\":\"1\"}\" data-image-title=\"Amadou-Sy\" data-image-description=\"\" data-medium-file=\"https:\/\/i1.wp.com\/ecomatin.net\/wp-content\/uploads\/2019\/07\/ecomatin.net-delegation-du-fmi-au-cameroun-amadou-sy-va-poursuivre-le-programme-economique-et-financier-amadou-sy.jpg?fit=300%2C233&#038;ssl=1\" data-large-file=\"https:\/\/i1.wp.com\/ecomatin.net\/wp-content\/uploads\/2019\/07\/ecomatin.net-delegation-du-fmi-au-cameroun-amadou-sy-va-poursuivre-le-programme-economique-et-financier-amadou-sy.jpg?fit=386%2C300&#038;ssl=1\" class=\" wp-image-10088 alignleft\" src=\"https:\/\/i1.wp.com\/ecomatin.net\/wp-content\/uploads\/2019\/07\/ecomatin.net-delegation-du-fmi-au-cameroun-amadou-sy-va-poursuivre-le-programme-economique-et-financier-amadou-sy.jpg?resize=229%2C178&#038;ssl=1\" alt=\"\" width=\"229\" height=\"178\" srcset=\"https:\/\/i1.wp.com\/ecomatin.net\/wp-content\/uploads\/2019\/07\/ecomatin.net-delegation-du-fmi-au-cameroun-amadou-sy-va-poursuivre-le-programme-economique-et-financier-amadou-sy.jpg?w=386&#038;ssl=1 386w, https:\/\/i1.wp.com\/ecomatin.net\/wp-content\/uploads\/2019\/07\/ecomatin.net-delegation-du-fmi-au-cameroun-amadou-sy-va-poursuivre-le-programme-economique-et-financier-amadou-sy.jpg?resize=300%2C233&#038;ssl=1 300w\" sizes=\"auto, (max-width: 229px) 100vw, 229px\" data-recalc-dims=\"1\"\/><\/p>\n<p><\/a>Amadou Sy<\/strong> n\u2019est pas un novice en mati\u00e8re de finance, syst\u00e8me mon\u00e9taire, probl\u00e8mes et croissance \u00e9conomiques de l\u2019Afrique.\u00a0 Dans un r\u00e9cent bulletin du <strong>Fonds mon\u00e9taire international<\/strong> (<strong>FMI<\/strong>),\u00a0 il s\u2019est prononc\u00e9 sur les perspectives de la Finance islamique en ces termes \u00ab <em>Durant cette derni\u00e8re d\u00e9cennie, la finance islamique a suscit\u00e9 un int\u00e9r\u00eat global croissant dans le monde. Plusieurs gouvernements africains s\u2019int\u00e9ressent de plus en plus \u00e0 ce type de service comme un nouveau moyen de financement<\/em> \u00bb.<\/p>\n<p>C\u2019est fort de son exp\u00e9rience et de ses qualit\u00e9s qu\u2019il succ\u00e9dera \u00e0 <strong>Corinne Delechat<\/strong>, au poste de Chef de la d\u00e9l\u00e9gation du Fonds mon\u00e9taire international au Cameroun. L\u2019annonce a \u00e9t\u00e9 faite au cours de de la r\u00e9union du Conseil d\u2019administration du FMI pr\u00e9sid\u00e9 par <strong>M. Furusawa<\/strong>.\u00a0 Pendant cette r\u00e9union, on apprendra que le Cameroun va recevoir un nouveau d\u00e9caissement dans le cadre du programme \u00e9conomique et financier adoss\u00e9 sur la Facilit\u00e9 \u00e9largie de cr\u00e9dit avec le Fonds mon\u00e9taire international. Une enveloppe de <strong>55,2 millions<\/strong> de droit de tirage sp\u00e9ciaux (environ <strong>76,2 millions de dollars<\/strong>), soit <strong>44 milliards FCFA<\/strong>.\u00a0 Ce d\u00e9caissement qui porte \u00e0 <strong>217,8 milliards Fcfa<\/strong>, le montant en faveur du Cameroun, intervient de la 4\u00e8me revue du FMI qui a eu lieu en mai dernier. Au cours du dernier conseil d\u2019administration du 17 juillet,\u00a0 les performances du Cameroun ont \u00e9t\u00e9 appr\u00e9ci\u00e9es. D\u2019apr\u00e8s les administrateurs,\u00a0 les objectifs ont \u00e9t\u00e9 atteints en fin d\u00e9cembre 2018. Notamment celui de relatif au d\u00e9ficit budg\u00e9taire.<\/p>\n<div class=\"about-author about-author-box container-wrapper\">\n<div class=\"author-avatar\">\n<p><img decoding=\"async\" src=\"http:\/\/\" alt=\"\"\/><\/p>\n<\/div>\n<p><h4>La R\u00e9daction EcoMatin<\/h4>\n<\/p>\n<\/div>\n<div class=\"awac-wrapper awac widget blog_subscription-2\">\n<h4 class=\"widget-title\">Abonnez-vous \u00e0 notre lettre d&rsquo;information<\/h4>\n<\/div>\n<\/div>\n<div class=\"toggle-post-content clearfix\"><a id=\"toggle-post-button\" class=\"button\" href=\"#\">Afficher plus <\/a><\/div>\n<p>Auteur: EcoMatin<br \/>\n<a href=\"https:\/\/ecomatin.net\/delegation-du-fmi-au-cameroun-amadou-sy-va-poursuivre-le-programme-economique-et-financier\/\">Cliquez ici pour lire l&rsquo;article depuis sa source.<\/a><\/p>\n","protected":false},"excerpt":{"rendered":"<p>Amadou Sy n\u2019est pas un novice en mati\u00e8re de finance, syst\u00e8me mon\u00e9taire, probl\u00e8mes et croissance \u00e9conomiques de l\u2019Afrique.\u00a0 Dans un r\u00e9cent bulletin du Fonds mon\u00e9taire international (FMI),\u00a0 il s\u2019est prononc\u00e9 sur les perspectives de la Finance islamique en ces termes \u00ab Durant cette derni\u00e8re d\u00e9cennie, la finance islamique a suscit\u00e9 un int\u00e9r\u00eat global croissant dans [&hellip;]<\/p>\n","protected":false},"author":1969,"featured_media":0,"comment_status":"closed","ping_status":"closed","sticky":false,"template":"","format":"standard","meta":{"fifu_image_url":"","fifu_image_alt":"","footnotes":""},"categories":[82,78],"tags":[],"class_list":["post-47878","post","type-post","status-publish","format-standard","hentry","category-cameroun","category-economie"],"_links":{"self":[{"href":"https:\/\/linitiative.ca\/International\/wp-json\/wp\/v2\/posts\/47878","targetHints":{"allow":["GET"]}}],"collection":[{"href":"https:\/\/linitiative.ca\/International\/wp-json\/wp\/v2\/posts"}],"about":[{"href":"https:\/\/linitiative.ca\/International\/wp-json\/wp\/v2\/types\/post"}],"author":[{"embeddable":true,"href":"https:\/\/linitiative.ca\/International\/wp-json\/wp\/v2\/users\/1969"}],"replies":[{"embeddable":true,"href":"https:\/\/linitiative.ca\/International\/wp-json\/wp\/v2\/comments?post=47878"}],"version-history":[{"count":0,"href":"https:\/\/linitiative.ca\/International\/wp-json\/wp\/v2\/posts\/47878\/revisions"}],"wp:attachment":[{"href":"https:\/\/linitiative.ca\/International\/wp-json\/wp\/v2\/media?parent=47878"}],"wp:term":[{"taxonomy":"category","embeddable":true,"href":"https:\/\/linitiative.ca\/International\/wp-json\/wp\/v2\/categories?post=47878"},{"taxonomy":"post_tag","embeddable":true,"href":"https:\/\/linitiative.ca\/International\/wp-json\/wp\/v2\/tags?post=47878"}],"curies":[{"name":"wp","href":"https:\/\/api.w.org\/{rel}","templated":true}]}}