{"id":47879,"date":"2019-07-22T11:49:35","date_gmt":"2019-07-22T15:49:35","guid":{"rendered":"https:\/\/linitiative.ca\/International\/enseignements-secondaires-les-manuels-vont-changer-pour-les-classes-de-seconde-et-terminales\/"},"modified":"2019-07-22T11:49:35","modified_gmt":"2019-07-22T15:49:35","slug":"enseignements-secondaires-les-manuels-vont-changer-pour-les-classes-de-seconde-et-terminales","status":"publish","type":"post","link":"https:\/\/linitiative.ca\/International\/enseignements-secondaires-les-manuels-vont-changer-pour-les-classes-de-seconde-et-terminales\/","title":{"rendered":"Enseignements secondaires : les manuels vont changer pour les classes de seconde et terminales"},"content":{"rendered":"<p><strong>Marcelin Vounda Etoa<\/strong> a expliqu\u00e9 aux antennes de la CRTV, les innovations des manuels scolaires pour l\u2019ann\u00e9e 2019-2020. Selon le Secr\u00e9taire permanent de la Commission du livre et manuel scolaire,\u00a0 l\u2019on note quelques modifications au niveau des livres au programme. \u00ab <em>Pour le cycle secondaire, rien aussi n\u2019a chang\u00e9, \u00e0 l\u2019exception des manuels des classes de secondes, et d\u2019un manuel de classe de terminale. Pour les classes de seconde, les manuels changent parce qu\u2019ils doivent \u00eatre r\u00e9dig\u00e9s selon les nouveaux programmes. Ces mises \u00e0 jour tiennent compte des nouvelles approches p\u00e9dagogiques, des nouvelles mati\u00e8res au programme comme le cin\u00e9ma et la philosophie<\/em> \u00bb, a-t-il indiqu\u00e9. Pour les cycles maternels et primaires, rien ne changera, ni le nombre de manuels, ni leurs prix. Les parents payeront exactement ce qu\u2019ils ont pay\u00e9 l\u2019ann\u00e9e derni\u00e8re, s\u2019ils veulent acheter tous les livres \u00e0 leurs enfants, apprend-on.<\/p>\n<hr\/>\n<h4><strong>>> Lire aussi \u2013 <a title=\"Edition : Le livre scolaire camerounais enrichi les pays \u00e9trangers\" href=\"https:\/\/ecomatin.net\/edition-le-livre-scolaire-camerounais-enrichi-les-pays-etrangers\/\" target=\"_blank\" rel=\"noopener noreferrer\">Edition : Le livre scolaire camerounais enrichi les pays \u00e9trangers<\/a><br \/><\/strong><\/h4>\n<hr\/>\n<p>A la question de savoir quelles sont les dispositions prises pour garantir la disponibilit\u00e9 des livres d\u00e8s la rentr\u00e9e prochaines au Cameroun, Marcelin Vounda Etoa a r\u00e9pondu que \u00ab <em>la premi\u00e8re chose qu\u2019il faut retenir, c\u2019est que les livres sont \u00e0 presque 99% tous reconduits sur les listes officielles. Cela signifie que les \u00e9diteurs \u00e9taient inform\u00e9s pratiquement plus d\u2019un an en avance, de ce que les livres seront reconduits, et qu\u2019ils ont pris des dispositions cons\u00e9quentes. Que les diffuseurs, les libraires, ont encore les stocks r\u00e9siduels, et qu\u2019ils ont fait des r\u00e9assorts, c\u2019est-\u00e0-dire les r\u00e9approvisionnements n\u00e9cessaires pour satisfaire le march\u00e9<\/em> \u00bb.<\/p>\n<p>D\u2019autre part, le Secr\u00e9taire permanent de la Commission du livre et manuel scolaire pense que pour \u00e9viter la raret\u00e9 des ouvrages cette ann\u00e9e, il est primordial d\u2019\u00e9viter que le cauchemar de l\u2019ann\u00e9e derni\u00e8re ne se r\u00e9p\u00e8te. \u00ab <em>Les livres se sont faits rares l\u2019ann\u00e9e derni\u00e8re pour deux raisons. La premi\u00e8re, c\u2019est la surface financi\u00e8re des \u00e9diteurs camerounais, qui pour quelques-uns, n\u2019\u00e9tait pas assez large pour leur permettre de produire en grande quantit\u00e9. La deuxi\u00e8me raison c\u2019est que, la plupart, sinon tous les \u00e9diteurs \u00e9trangers n\u2019avaient pas jusqu\u2019\u00e0 l\u2019obligation de rapatrier les livres qu\u2019ils imprimaient sur le march\u00e9 camerounais. La contrainte qui s\u2019imposait donc aux \u00e9diteurs et aux libraires, est qu\u2019ils devaient, eux (\u00e9diteurs et libraires) importer les livres de la France avec des conditions d\u2019importation qu\u2019ils ne pouvaient pas satisfaire. Le gouvernement a pris une d\u00e9cision qui permet que les livres qui sont \u00e9dit\u00e9s par des \u00e9diteurs \u00e9trangers soient sous leur responsabilit\u00e9 jusqu\u2019\u00e0 ce qu\u2019ils atteignent le march\u00e9 camerounais<\/em> \u00bb, a-t-dit.<\/p>\n<div class=\"about-author about-author-box container-wrapper\">\n<div class=\"author-avatar\">\n<p><img decoding=\"async\" src=\"http:\/\/\" alt=\"\"\/><\/p>\n<\/div>\n<p><h4>La R\u00e9daction EcoMatin<\/h4>\n<\/p>\n<\/div>\n<div class=\"awac-wrapper awac widget blog_subscription-2\">\n<h4 class=\"widget-title\">Abonnez-vous \u00e0 notre lettre d&rsquo;information<\/h4>\n<\/div>\n<p>Auteur: EcoMatin<br \/>\n<a href=\"https:\/\/ecomatin.net\/enseignements-secondaires-les-manuels-vont-changer-pour-les-classes-de-seconde-et-terminales\/\">Cliquez ici pour lire l&rsquo;article depuis sa source.<\/a><\/p>\n","protected":false},"excerpt":{"rendered":"<p>Marcelin Vounda Etoa a expliqu\u00e9 aux antennes de la CRTV, les innovations des manuels scolaires pour l\u2019ann\u00e9e 2019-2020. Selon le Secr\u00e9taire permanent de la Commission du livre et manuel scolaire,\u00a0 l\u2019on note quelques modifications au niveau des livres au programme. \u00ab Pour le cycle secondaire, rien aussi n\u2019a chang\u00e9, \u00e0 l\u2019exception des manuels des classes [&hellip;]<\/p>\n","protected":false},"author":1969,"featured_media":0,"comment_status":"closed","ping_status":"closed","sticky":false,"template":"","format":"standard","meta":{"fifu_image_url":"","fifu_image_alt":"","footnotes":""},"categories":[82,78],"tags":[],"class_list":["post-47879","post","type-post","status-publish","format-standard","hentry","category-cameroun","category-economie"],"_links":{"self":[{"href":"https:\/\/linitiative.ca\/International\/wp-json\/wp\/v2\/posts\/47879","targetHints":{"allow":["GET"]}}],"collection":[{"href":"https:\/\/linitiative.ca\/International\/wp-json\/wp\/v2\/posts"}],"about":[{"href":"https:\/\/linitiative.ca\/International\/wp-json\/wp\/v2\/types\/post"}],"author":[{"embeddable":true,"href":"https:\/\/linitiative.ca\/International\/wp-json\/wp\/v2\/users\/1969"}],"replies":[{"embeddable":true,"href":"https:\/\/linitiative.ca\/International\/wp-json\/wp\/v2\/comments?post=47879"}],"version-history":[{"count":0,"href":"https:\/\/linitiative.ca\/International\/wp-json\/wp\/v2\/posts\/47879\/revisions"}],"wp:attachment":[{"href":"https:\/\/linitiative.ca\/International\/wp-json\/wp\/v2\/media?parent=47879"}],"wp:term":[{"taxonomy":"category","embeddable":true,"href":"https:\/\/linitiative.ca\/International\/wp-json\/wp\/v2\/categories?post=47879"},{"taxonomy":"post_tag","embeddable":true,"href":"https:\/\/linitiative.ca\/International\/wp-json\/wp\/v2\/tags?post=47879"}],"curies":[{"name":"wp","href":"https:\/\/api.w.org\/{rel}","templated":true}]}}