{"id":47880,"date":"2019-07-22T12:07:12","date_gmt":"2019-07-22T16:07:12","guid":{"rendered":"https:\/\/linitiative.ca\/International\/camair-co-ouvre-de-nouveau-sa-ligne-de-bangui\/"},"modified":"2019-07-22T12:07:12","modified_gmt":"2019-07-22T16:07:12","slug":"camair-co-ouvre-de-nouveau-sa-ligne-de-bangui","status":"publish","type":"post","link":"https:\/\/linitiative.ca\/International\/camair-co-ouvre-de-nouveau-sa-ligne-de-bangui\/","title":{"rendered":"Camair-co ouvre de nouveau sa ligne de Bangui"},"content":{"rendered":"<div class=\"featured-area featured-area-inner\"><img loading=\"lazy\" decoding=\"async\" width=\"780\" height=\"405\" src=\"https:\/\/i0.wp.com\/ecomatin.net\/wp-content\/uploads\/2019\/07\/ecomatin.net-transport-aerien-camair-co-ouvre-de-nouveau-sa-ligne-de-bangui-camair-co-juillet-2019.jpg?resize=780%2C405&#038;ssl=1&#038;is-pending-load=1\" class=\"attachment-jannah-image-post size-jannah-image-post wp-post-image jetpack-lazy-image\" alt=\"\" data-attachment-id=\"10100\" data-permalink=\"https:\/\/ecomatin.net\/transport-aerien-camair-co-ouvre-de-nouveau-sa-ligne-de-bangui\/camair-co-juillet-2019\/\" data-orig-file=\"https:\/\/i0.wp.com\/ecomatin.net\/wp-content\/uploads\/2019\/07\/ecomatin.net-transport-aerien-camair-co-ouvre-de-nouveau-sa-ligne-de-bangui-camair-co-juillet-2019.jpg?fit=900%2C600&#038;ssl=1\" data-orig-size=\"900,600\" data-comments-opened=\"0\" data-image-meta=\"{\"aperture\":\"0\",\"credit\":\"\",\"camera\":\"\",\"caption\":\"\",\"created_timestamp\":\"0\",\"copyright\":\"\",\"focal_length\":\"0\",\"iso\":\"0\",\"shutter_speed\":\"0\",\"title\":\"\",\"orientation\":\"1\"}\" data-image-title=\"Camair co juillet 2019\" data-image-description=\"\" data-medium-file=\"https:\/\/i0.wp.com\/ecomatin.net\/wp-content\/uploads\/2019\/07\/ecomatin.net-transport-aerien-camair-co-ouvre-de-nouveau-sa-ligne-de-bangui-camair-co-juillet-2019.jpg?fit=300%2C200&#038;ssl=1\" data-large-file=\"https:\/\/i0.wp.com\/ecomatin.net\/wp-content\/uploads\/2019\/07\/ecomatin.net-transport-aerien-camair-co-ouvre-de-nouveau-sa-ligne-de-bangui-camair-co-juillet-2019.jpg?fit=900%2C600&#038;ssl=1\" srcset=\"data:image\/gif;base64,R0lGODlhAQABAIAAAAAAAP\/\/\/yH5BAEAAAAALAAAAAABAAEAAAIBRAA7\"\/><\/div>\n<div class=\"entry-content entry clearfix\" readability=\"61.1752136752\">\n<p>Dans le cadre de la reprise de ses vols r\u00e9gionaux, la compagnie a\u00e9rienne publique camerounaise, <strong>Camair-Co<\/strong>, a relanc\u00e9 le 18 juillet 2019, la desserte de Bangui. Selon le programme de la compagnie, la capitale centrafricaine sera desservie par deux vols hebdomadaires, au d\u00e9part de Yaound\u00e9 et Douala, les deux principales villes du Cameroun. La relance de la ligne Douala-Bangui et Yaound\u00e9-Bangui par Camair-Co survient deux jours seulement apr\u00e8s la reprise des vols de cette compagnie a\u00e9rienne vers Libreville. En effet, la capitale gabonaise accueille de nouveau les vols de Camair-Co depuis le 16 juillet dernier. Pour assurer ces diff\u00e9rents vols r\u00e9gionaux, Camair-Co vient de prendre en location un <strong>Embraer ERJ-145LR<\/strong> . Cet a\u00e9ronef vient pallier le d\u00e9ficit d\u2019appareils qu\u2019enregistre la compagnie publique camerounaise depuis le d\u00e9but de l\u2019ann\u00e9e 2019. Depuis le 1er juin dernier, la compagnie camerounaise a \u00e9galement acquis un nouvel appareil du type <strong>Embraer ERJ-145LR<\/strong> de <strong>50 places<\/strong>, de fabrication br\u00e9silienne. Cette acquisition a accru l\u2019offre de si\u00e8ges disponibles \u00e0 la vente.<\/p>\n<hr\/>\n<h4><strong>>> Lire aussi \u2013 <a title=\"Camair-Co r\u00e9ceptionne un nouvel avion de type Boeing 737-500\" href=\"https:\/\/ecomatin.net\/camair-co-receptionne-un-nouvel-avion-de-type-boeing-737-500\/\" target=\"_blank\" rel=\"noopener noreferrer\">Camair-Co r\u00e9ceptionne un nouvel avion de type Boeing 737-500<\/a><br \/><\/strong><\/h4>\n<hr\/>\n<p>Nomin\u00e9 \u00e0 la t\u00eate de Camair-Co, le 27 mai 2019, <strong>Louis Georges Njipendi Kouotou<\/strong> revendique, depuis le 1er juin, un bilan de <strong>110 vols op\u00e9r\u00e9s<\/strong> sur la partie septentrionale du Cameroun. Mais le d\u00e9fi de la r\u00e9gularit\u00e9 des vols reste \u00e0 relever. La compagnie, qui disposait jusqu\u2019ici d\u2019une flotte de six avions, s\u2019est retrouv\u00e9e avec un seul appareil fonctionnel du fait du manque de ressources financi\u00e8res pour assurer la maintenance. D\u2019autre part, l\u2019un des prochains d\u00e9fis du nouveau dirigeant de Camair-co nomm\u00e9 par le pr\u00e9sident de la R\u00e9publique est de renouer les vols r\u00e9gionaux interrompus le 26 avril 2019, faute d\u2019avions. Mais aussi, reprendre les d\u00e9placements internationaux, notamment la ligne de Paris, et ce, avant la fin de l\u2019ann\u00e9e 2019.<\/p>\n<div class=\"about-author about-author-box container-wrapper\">\n<div class=\"author-avatar\">\n<p><img decoding=\"async\" src=\"http:\/\/\" alt=\"\"\/><\/p>\n<\/div>\n<p><h4>La R\u00e9daction EcoMatin<\/h4>\n<\/p>\n<\/div>\n<div class=\"awac-wrapper awac widget blog_subscription-2\">\n<h4 class=\"widget-title\">Abonnez-vous \u00e0 notre lettre d&rsquo;information<\/h4>\n<\/div>\n<\/div>\n<div class=\"toggle-post-content clearfix\"><a id=\"toggle-post-button\" class=\"button\" href=\"#\">Afficher plus <\/a><\/div>\n<p>Auteur: EcoMatin<br \/>\n<a href=\"https:\/\/ecomatin.net\/transport-aerien-camair-co-ouvre-de-nouveau-sa-ligne-de-bangui\/\">Cliquez ici pour lire l&rsquo;article depuis sa source.<\/a><\/p>\n","protected":false},"excerpt":{"rendered":"<p>Dans le cadre de la reprise de ses vols r\u00e9gionaux, la compagnie a\u00e9rienne publique camerounaise, Camair-Co, a relanc\u00e9 le 18 juillet 2019, la desserte de Bangui. Selon le programme de la compagnie, la capitale centrafricaine sera desservie par deux vols hebdomadaires, au d\u00e9part de Yaound\u00e9 et Douala, les deux principales villes du Cameroun. La relance [&hellip;]<\/p>\n","protected":false},"author":1969,"featured_media":0,"comment_status":"closed","ping_status":"closed","sticky":false,"template":"","format":"standard","meta":{"fifu_image_url":"","fifu_image_alt":"","footnotes":""},"categories":[82,78],"tags":[],"class_list":["post-47880","post","type-post","status-publish","format-standard","hentry","category-cameroun","category-economie"],"_links":{"self":[{"href":"https:\/\/linitiative.ca\/International\/wp-json\/wp\/v2\/posts\/47880","targetHints":{"allow":["GET"]}}],"collection":[{"href":"https:\/\/linitiative.ca\/International\/wp-json\/wp\/v2\/posts"}],"about":[{"href":"https:\/\/linitiative.ca\/International\/wp-json\/wp\/v2\/types\/post"}],"author":[{"embeddable":true,"href":"https:\/\/linitiative.ca\/International\/wp-json\/wp\/v2\/users\/1969"}],"replies":[{"embeddable":true,"href":"https:\/\/linitiative.ca\/International\/wp-json\/wp\/v2\/comments?post=47880"}],"version-history":[{"count":0,"href":"https:\/\/linitiative.ca\/International\/wp-json\/wp\/v2\/posts\/47880\/revisions"}],"wp:attachment":[{"href":"https:\/\/linitiative.ca\/International\/wp-json\/wp\/v2\/media?parent=47880"}],"wp:term":[{"taxonomy":"category","embeddable":true,"href":"https:\/\/linitiative.ca\/International\/wp-json\/wp\/v2\/categories?post=47880"},{"taxonomy":"post_tag","embeddable":true,"href":"https:\/\/linitiative.ca\/International\/wp-json\/wp\/v2\/tags?post=47880"}],"curies":[{"name":"wp","href":"https:\/\/api.w.org\/{rel}","templated":true}]}}