{"id":47881,"date":"2019-07-22T12:39:16","date_gmt":"2019-07-22T16:39:16","guid":{"rendered":"https:\/\/linitiative.ca\/International\/education-partenariat-minesec-afriland-first-bank-pour-securiser-les-frais-dexamen-et-concours\/"},"modified":"2019-07-22T12:39:16","modified_gmt":"2019-07-22T16:39:16","slug":"education-partenariat-minesec-afriland-first-bank-pour-securiser-les-frais-dexamen-et-concours","status":"publish","type":"post","link":"https:\/\/linitiative.ca\/International\/education-partenariat-minesec-afriland-first-bank-pour-securiser-les-frais-dexamen-et-concours\/","title":{"rendered":"Education : partenariat Minesec-Afriland First Bank pour securiser les frais d\u2019examen et concours"},"content":{"rendered":"<div class=\"featured-area featured-area-inner\"><img loading=\"lazy\" decoding=\"async\" width=\"640\" height=\"405\" src=\"https:\/\/i1.wp.com\/ecomatin.net\/wp-content\/uploads\/2019\/07\/ecomatin.net-enseignement-secondaire-partenariat-minesec-afriland-first-bank-pour-securiser-les-frais-dexamen-et-concours-afriland-minesec.jpg?resize=640%2C405&#038;ssl=1&#038;is-pending-load=1\" class=\"attachment-jannah-image-post size-jannah-image-post wp-post-image jetpack-lazy-image\" alt=\"\" data-attachment-id=\"10104\" data-permalink=\"https:\/\/ecomatin.net\/enseignement-secondaire-partenariat-minesec-afriland-first-bank-pour-securiser-les-frais-dexamen-et-concours\/afriland-minesec\/\" data-orig-file=\"https:\/\/i1.wp.com\/ecomatin.net\/wp-content\/uploads\/2019\/07\/ecomatin.net-enseignement-secondaire-partenariat-minesec-afriland-first-bank-pour-securiser-les-frais-dexamen-et-concours-afriland-minesec.jpg?fit=640%2C427&#038;ssl=1\" data-orig-size=\"640,427\" data-comments-opened=\"0\" data-image-meta=\"{\"aperture\":\"0\",\"credit\":\"\",\"camera\":\"\",\"caption\":\"\",\"created_timestamp\":\"0\",\"copyright\":\"\",\"focal_length\":\"0\",\"iso\":\"0\",\"shutter_speed\":\"0\",\"title\":\"\",\"orientation\":\"0\"}\" data-image-title=\"Afriland Minesec\" data-image-description=\"\" data-medium-file=\"https:\/\/i1.wp.com\/ecomatin.net\/wp-content\/uploads\/2019\/07\/ecomatin.net-enseignement-secondaire-partenariat-minesec-afriland-first-bank-pour-securiser-les-frais-dexamen-et-concours-afriland-minesec.jpg?fit=300%2C200&#038;ssl=1\" data-large-file=\"https:\/\/i1.wp.com\/ecomatin.net\/wp-content\/uploads\/2019\/07\/ecomatin.net-enseignement-secondaire-partenariat-minesec-afriland-first-bank-pour-securiser-les-frais-dexamen-et-concours-afriland-minesec.jpg?fit=640%2C427&#038;ssl=1\" srcset=\"data:image\/gif;base64,R0lGODlhAQABAIAAAAAAAP\/\/\/yH5BAEAAAAALAAAAAABAAEAAAIBRAA7\"\/><\/div>\n<div class=\"entry-content entry clearfix\" readability=\"63\">\n<p class=\"yiv1491159539ydp287a3888yiv5338950742msonormal c3\"><span class=\"c2\">La convention de partenariat sign\u00e9e la semaine derni\u00e8re \u00e0 Yaound\u00e9 entre les deux institutions fait suite \u00e0 l\u2019autorisation du gouvernement de s\u00e9lectionner une banque de la place. Grace \u00e0 ce contrat de partenariat, tous les frais d\u2019examens et concours officiels organis\u00e9s par ce d\u00e9partement minist\u00e9riel seront d\u00e9sormais d\u00e9pos\u00e9s dans un compte ouvert chez le num\u00e9ro 1 de la finance au Cameroun.\u00a0<em>\u00ab\u00a0Nous sommes d\u00e9sormais pr\u00eat pour le succ\u00e8s, une premi\u00e8re dans le partenariat secteur public-priv\u00e9. Lorsque le gouvernement nous a donn\u00e9 l\u2019autorisation de choisir une banque, nous avons jet\u00e9 notre d\u00e9volu sur Afriland First Bank. C\u2019est \u00e0 elle qu\u2019incombe d\u00e9sormais la responsabilit\u00e9 de garder tous nos fonds issus des frais d\u2019examen et concours officiels que nous organiserons\u00a0\u00bb<\/em>, r\u00e9v\u00e8le\u00a0<strong>Nalova Lyonga, Minesec<\/strong>.<\/span><\/p>\n<p class=\"yiv1491159539ydp287a3888yiv5338950742msonormal c4\"><span class=\"c2\">Le directeur g\u00e9n\u00e9ral d\u2019Afriland First Bank s\u2019est dit pr\u00eat \u00e0 accompagner le\u00a0<strong>Minesec<\/strong>\u00a0dans sa mutation<em>. \u00ab\u00a0Cette convention qui nous lie, vient magnifier l\u2019africanit\u00e9, notre d\u00e9termination \u00e0 \u00eatre toujours first. Vous comprenez l\u2019int\u00e9r\u00eat de ce partenariat public-priv\u00e9. Aujourd\u2019hui, la banque totalise 1000 milliards total de bilan. Il faut \u00eatre fier de notre pays, de ses dirigeants qui ont laiss\u00e9 le secteur priv\u00e9 prendre des initiatives\u00a0\u00bb,<\/em>\u00a0d\u00e9clare\u00a0<strong>Alphonse Nafack<\/strong>.<\/span><\/p>\n<p class=\"yiv1491159539ydp287a3888yiv5338950742msonormal c4\"><span class=\"c2\">En effet, tous les fonds que les autres \u00e9tablissements bancaires qui travaillent avec le\u00a0<strong>Minesec<\/strong>\u00a0vont recouvrir, ainsi que les transactions\u00a0<strong>Mobile Money<\/strong>, seront transf\u00e9r\u00e9s vers Afriland First Bank.\u00a0\u00a0Aussi, c\u2019est environ\u00a0<strong>2600 comptes,<\/strong>\u00a0repr\u00e9sentant les diff\u00e9rents \u00e9tablissements, qui seront ouverts. Ce nombre pourra croitre en fonction des besoins. Une plateforme sera alors mise en place o\u00f9 tous les responsables du\u00a0<strong>Minesec<\/strong>, les proviseurs et autres chefs d\u2019\u00e9tablissements, auront acc\u00e8s. Ils auront toutes les informations sur le nombre de candidats ayant d\u00e9j\u00e0 pay\u00e9 leurs frais d\u2019examens. Le but est d\u2019\u00e9viter les d\u00e9sagr\u00e9ments observ\u00e9s avec certains responsables d\u2019\u00e9tablissements qui d\u00e9tournaient les sommes collect\u00e9es et privaient certains \u00e9l\u00e8ves de participation aux examens.<\/span><\/p>\n<div class=\"about-author about-author-box container-wrapper\">\n<div class=\"author-avatar\">\n<p><img decoding=\"async\" src=\"http:\/\/\" alt=\"\"\/><\/p>\n<\/div>\n<p><h4>La R\u00e9daction EcoMatin<\/h4>\n<\/p>\n<\/div>\n<div class=\"awac-wrapper awac widget blog_subscription-2\">\n<h4 class=\"widget-title\">Abonnez-vous \u00e0 notre lettre d&rsquo;information<\/h4>\n<\/div>\n<\/div>\n<div class=\"toggle-post-content clearfix\"><a id=\"toggle-post-button\" class=\"button\" href=\"#\">Afficher plus <\/a><\/div>\n<p>Auteur: EcoMatin<br \/>\n<a href=\"https:\/\/ecomatin.net\/enseignement-secondaire-partenariat-minesec-afriland-first-bank-pour-securiser-les-frais-dexamen-et-concours\/\">Cliquez ici pour lire l&rsquo;article depuis sa source.<\/a><\/p>\n","protected":false},"excerpt":{"rendered":"<p>La convention de partenariat sign\u00e9e la semaine derni\u00e8re \u00e0 Yaound\u00e9 entre les deux institutions fait suite \u00e0 l\u2019autorisation du gouvernement de s\u00e9lectionner une banque de la place. Grace \u00e0 ce contrat de partenariat, tous les frais d\u2019examens et concours officiels organis\u00e9s par ce d\u00e9partement minist\u00e9riel seront d\u00e9sormais d\u00e9pos\u00e9s dans un compte ouvert chez le num\u00e9ro [&hellip;]<\/p>\n","protected":false},"author":1969,"featured_media":0,"comment_status":"closed","ping_status":"closed","sticky":false,"template":"","format":"standard","meta":{"fifu_image_url":"","fifu_image_alt":"","footnotes":""},"categories":[82,78],"tags":[],"class_list":["post-47881","post","type-post","status-publish","format-standard","hentry","category-cameroun","category-economie"],"_links":{"self":[{"href":"https:\/\/linitiative.ca\/International\/wp-json\/wp\/v2\/posts\/47881","targetHints":{"allow":["GET"]}}],"collection":[{"href":"https:\/\/linitiative.ca\/International\/wp-json\/wp\/v2\/posts"}],"about":[{"href":"https:\/\/linitiative.ca\/International\/wp-json\/wp\/v2\/types\/post"}],"author":[{"embeddable":true,"href":"https:\/\/linitiative.ca\/International\/wp-json\/wp\/v2\/users\/1969"}],"replies":[{"embeddable":true,"href":"https:\/\/linitiative.ca\/International\/wp-json\/wp\/v2\/comments?post=47881"}],"version-history":[{"count":0,"href":"https:\/\/linitiative.ca\/International\/wp-json\/wp\/v2\/posts\/47881\/revisions"}],"wp:attachment":[{"href":"https:\/\/linitiative.ca\/International\/wp-json\/wp\/v2\/media?parent=47881"}],"wp:term":[{"taxonomy":"category","embeddable":true,"href":"https:\/\/linitiative.ca\/International\/wp-json\/wp\/v2\/categories?post=47881"},{"taxonomy":"post_tag","embeddable":true,"href":"https:\/\/linitiative.ca\/International\/wp-json\/wp\/v2\/tags?post=47881"}],"curies":[{"name":"wp","href":"https:\/\/api.w.org\/{rel}","templated":true}]}}