{"id":47899,"date":"2019-07-23T04:00:10","date_gmt":"2019-07-23T08:00:10","guid":{"rendered":"https:\/\/linitiative.ca\/International\/legislatives-circonscription-de-tunis-i-trois-listes-au-1er-jour-du-depot-des-candidatures\/"},"modified":"2019-07-23T04:00:10","modified_gmt":"2019-07-23T08:00:10","slug":"legislatives-circonscription-de-tunis-i-trois-listes-au-1er-jour-du-depot-des-candidatures","status":"publish","type":"post","link":"https:\/\/linitiative.ca\/International\/legislatives-circonscription-de-tunis-i-trois-listes-au-1er-jour-du-depot-des-candidatures\/","title":{"rendered":"L\u00e9gislatives-circonscription de Tunis I :  Trois listes au 1er jour du d\u00e9p\u00f4t des candidatures"},"content":{"rendered":"<p>La r\u00e9ception des listes candidates aux \u00e9lections l\u00e9gislatives de 2019 pour la circonscription de Tunis I a d\u00e9marr\u00e9, lundi, au si\u00e8ge de l\u2019Instance r\u00e9gionale ind\u00e9pendante pour les \u00e9lections (IRIE).<\/p>\n<p>Depuis le matin et jusqu\u2019\u00e0 midi, trois listes ont d\u00e9pos\u00e9 leur candidature \u00e0 savoir : la liste partisane Mouvement Echaab, la liste du Front Populaire et une liste ind\u00e9pendante, a fait savoir le pr\u00e9sident de l\u2019IRIE, Salah Riahi, dans une d\u00e9claration donn\u00e9e \u00e0 l\u2019Agence Tunis-Afrique-Presse.<\/p>\n<p>Riahi a indiqu\u00e9 que les trois listes ont r\u00e9pondu \u00e0 toutes les conditions mentionn\u00e9es dans la loi \u00e9lectorale et conform\u00e9ment aux recommandations de l\u2019Instance Sup\u00e9rieure Ind\u00e9pendante pour les Elections (ISIE).<\/p>\n<p>Le pr\u00e9sident de l\u2019IRIE s\u2019est f\u00e9licit\u00e9 du d\u00e9roulement de l\u2019op\u00e9ration de r\u00e9ception des candidatures lors de ce premier jour consacr\u00e9 \u00e0 cet effet, surtout que le d\u00e9p\u00f4t de la plupart des candidatures se fait lors des derniers jours des d\u00e9lais impartis.<\/p>\n<p>L\u2019ISIE a entam\u00e9 lundi et jusqu\u2019au 29 juillet, la r\u00e9ception des candidatures pour les l\u00e9gislatives pr\u00e9vues le 6 octobre prochain conform\u00e9ment aux dispositions de la loi organique relative aux \u00e9lections et r\u00e9f\u00e9rendums.<\/p>\n<p class=\"dpsp-share-text\">Partager c&rsquo;est aimer!<\/p>\n<div class=\"wp-post-author-wrap wp-post-author-shortcode left\">\n<h3 class=\"awpa-title\"\/>\n<div class=\"wp-post-author\">\n<div class=\"awpa-img awpa-author-block square\"><a href=\"http:\/\/lexpertjournal.net\/fr\/author\/expert\/\"><img loading=\"lazy\" decoding=\"async\" alt=\"\" src=\"http:\/\/2.gravatar.com\/avatar\/56d99be2a6f97af88ccb49fada637fcd?s=150&#038;d=mm&#038;r=g\" srcset=\"http:\/\/2.gravatar.com\/avatar\/56d99be2a6f97af88ccb49fada637fcd?s=300&#038;d=mm&#038;r=g 2x\" class=\"avatar avatar-150 photo\" height=\"150\" width=\"150\"\/><\/a><\/div>\n<\/div>\n<\/div>\n<p>Auteur: L&rsquo;expert<br \/>\n<a href=\"http:\/\/lexpertjournal.net\/fr\/2019\/07\/23\/legislatives-circonscription-de-tunis-i-trois-listes-au-1er-jour-du-depot-des-candidatures\/\">Cliquez ici pour lire l&rsquo;article depuis sa source.<\/a><\/p>\n","protected":false},"excerpt":{"rendered":"<p>La r\u00e9ception des listes candidates aux \u00e9lections l\u00e9gislatives de 2019 pour la circonscription de Tunis I a d\u00e9marr\u00e9, lundi, au si\u00e8ge de l\u2019Instance r\u00e9gionale ind\u00e9pendante pour les \u00e9lections (IRIE). Depuis le matin et jusqu\u2019\u00e0 midi, trois listes ont d\u00e9pos\u00e9 leur candidature \u00e0 savoir : la liste partisane Mouvement Echaab, la liste du Front Populaire et [&hellip;]<\/p>\n","protected":false},"author":1775,"featured_media":0,"comment_status":"closed","ping_status":"closed","sticky":false,"template":"","format":"standard","meta":{"fifu_image_url":"","fifu_image_alt":"","footnotes":""},"categories":[78,55],"tags":[],"class_list":["post-47899","post","type-post","status-publish","format-standard","hentry","category-economie","category-tunisie"],"_links":{"self":[{"href":"https:\/\/linitiative.ca\/International\/wp-json\/wp\/v2\/posts\/47899","targetHints":{"allow":["GET"]}}],"collection":[{"href":"https:\/\/linitiative.ca\/International\/wp-json\/wp\/v2\/posts"}],"about":[{"href":"https:\/\/linitiative.ca\/International\/wp-json\/wp\/v2\/types\/post"}],"author":[{"embeddable":true,"href":"https:\/\/linitiative.ca\/International\/wp-json\/wp\/v2\/users\/1775"}],"replies":[{"embeddable":true,"href":"https:\/\/linitiative.ca\/International\/wp-json\/wp\/v2\/comments?post=47899"}],"version-history":[{"count":0,"href":"https:\/\/linitiative.ca\/International\/wp-json\/wp\/v2\/posts\/47899\/revisions"}],"wp:attachment":[{"href":"https:\/\/linitiative.ca\/International\/wp-json\/wp\/v2\/media?parent=47899"}],"wp:term":[{"taxonomy":"category","embeddable":true,"href":"https:\/\/linitiative.ca\/International\/wp-json\/wp\/v2\/categories?post=47899"},{"taxonomy":"post_tag","embeddable":true,"href":"https:\/\/linitiative.ca\/International\/wp-json\/wp\/v2\/tags?post=47899"}],"curies":[{"name":"wp","href":"https:\/\/api.w.org\/{rel}","templated":true}]}}