{"id":47900,"date":"2019-07-23T04:02:37","date_gmt":"2019-07-23T08:02:37","guid":{"rendered":"https:\/\/linitiative.ca\/International\/pelerinage-tunisair-programme-25-vols-pour-les-lieux-saints\/"},"modified":"2019-07-23T04:02:37","modified_gmt":"2019-07-23T08:02:37","slug":"pelerinage-tunisair-programme-25-vols-pour-les-lieux-saints","status":"publish","type":"post","link":"https:\/\/linitiative.ca\/International\/pelerinage-tunisair-programme-25-vols-pour-les-lieux-saints\/","title":{"rendered":"P\u00e8lerinage : Tunisair programme 25 vols pour les Lieux saints"},"content":{"rendered":"<p>Dans le cadre des pr\u00e9paratifs pour la saison du p\u00e8lerinage (1440 de l\u2019H\u00e9gire\/2019), la compagnie a\u00e9rienne Tunisair a programm\u00e9 25 vols et louer un avion Airbus 340 (260 si\u00e8ges) afin de garantir le transport de 5800 p\u00e8lerins vers les lieux saints.<\/p>\n<p>Les vols (aller et retour) qui partiront de 6 a\u00e9roports tunisiens, ont \u00e9t\u00e9 programm\u00e9s comme suit:<\/p>\n<p>A\u00e9roport de Tunis Carthage : 14 vols<\/p>\n<p>A\u00e9roport de Monastir : 5 vols<\/p>\n<p>A\u00e9roport de Sfax : 3 vols<\/p>\n<p>A\u00e9roport de Djerba : 1 vol<\/p>\n<p>A\u00e9roport de Tabarka : 1 vol<\/p>\n<p>A\u00e9roport de Gafsa : 1 vol<\/p>\n<p>Les d\u00e9parts seront programm\u00e9s du 23 au 28 juillet vers M\u00e9dine et du 29 juillet au 05 aout en direction de Djeddah.<\/p>\n<p>S\u2019agissant des vols retour, la compagnie a mis en place un programme du 17 au 22 aout au d\u00e9part de Djeddah et du 22 au 29 aout 2019 au d\u00e9part de M\u00e9dine.<\/p>\n<p>Dans un communiqu\u00e9, Tunisair annonce avoir d\u00e9cid\u00e9 de renforcer les \u00e9quipages \u00e0 bord de ses avions afin de r\u00e9pondre \u00e0 toutes les revendications des p\u00e8lerins tunisiens.<\/p>\n<p>Pour plus d\u2019information la compagnie met \u00e0 la disposition des p\u00e8lerins et leurs proches 2 num\u00e9ros de t\u00e9l\u00e9phone (00216 31370025) et (00216 31370031)).<\/p>\n<p class=\"dpsp-share-text\">Partager c&rsquo;est aimer!<\/p>\n<div class=\"wp-post-author-wrap wp-post-author-shortcode left\">\n<h3 class=\"awpa-title\"\/>\n<div class=\"wp-post-author\">\n<div class=\"awpa-img awpa-author-block square\"><a href=\"http:\/\/lexpertjournal.net\/fr\/author\/expert\/\"><img loading=\"lazy\" decoding=\"async\" alt=\"\" src=\"http:\/\/2.gravatar.com\/avatar\/56d99be2a6f97af88ccb49fada637fcd?s=150&#038;d=mm&#038;r=g\" srcset=\"http:\/\/2.gravatar.com\/avatar\/56d99be2a6f97af88ccb49fada637fcd?s=300&#038;d=mm&#038;r=g 2x\" class=\"avatar avatar-150 photo\" height=\"150\" width=\"150\"\/><\/a><\/div>\n<\/div>\n<\/div>\n<p>Auteur: L&rsquo;expert<br \/>\n<a href=\"http:\/\/lexpertjournal.net\/fr\/2019\/07\/23\/pelerinage-tunisair-programme-25-vols-pour-les-lieux-saints\/\">Cliquez ici pour lire l&rsquo;article depuis sa source.<\/a><\/p>\n","protected":false},"excerpt":{"rendered":"<p>Dans le cadre des pr\u00e9paratifs pour la saison du p\u00e8lerinage (1440 de l\u2019H\u00e9gire\/2019), la compagnie a\u00e9rienne Tunisair a programm\u00e9 25 vols et louer un avion Airbus 340 (260 si\u00e8ges) afin de garantir le transport de 5800 p\u00e8lerins vers les lieux saints. Les vols (aller et retour) qui partiront de 6 a\u00e9roports tunisiens, ont \u00e9t\u00e9 programm\u00e9s [&hellip;]<\/p>\n","protected":false},"author":1775,"featured_media":0,"comment_status":"closed","ping_status":"closed","sticky":false,"template":"","format":"standard","meta":{"fifu_image_url":"","fifu_image_alt":"","footnotes":""},"categories":[78,55],"tags":[],"class_list":["post-47900","post","type-post","status-publish","format-standard","hentry","category-economie","category-tunisie"],"_links":{"self":[{"href":"https:\/\/linitiative.ca\/International\/wp-json\/wp\/v2\/posts\/47900","targetHints":{"allow":["GET"]}}],"collection":[{"href":"https:\/\/linitiative.ca\/International\/wp-json\/wp\/v2\/posts"}],"about":[{"href":"https:\/\/linitiative.ca\/International\/wp-json\/wp\/v2\/types\/post"}],"author":[{"embeddable":true,"href":"https:\/\/linitiative.ca\/International\/wp-json\/wp\/v2\/users\/1775"}],"replies":[{"embeddable":true,"href":"https:\/\/linitiative.ca\/International\/wp-json\/wp\/v2\/comments?post=47900"}],"version-history":[{"count":0,"href":"https:\/\/linitiative.ca\/International\/wp-json\/wp\/v2\/posts\/47900\/revisions"}],"wp:attachment":[{"href":"https:\/\/linitiative.ca\/International\/wp-json\/wp\/v2\/media?parent=47900"}],"wp:term":[{"taxonomy":"category","embeddable":true,"href":"https:\/\/linitiative.ca\/International\/wp-json\/wp\/v2\/categories?post=47900"},{"taxonomy":"post_tag","embeddable":true,"href":"https:\/\/linitiative.ca\/International\/wp-json\/wp\/v2\/tags?post=47900"}],"curies":[{"name":"wp","href":"https:\/\/api.w.org\/{rel}","templated":true}]}}