{"id":47901,"date":"2019-07-23T04:05:26","date_gmt":"2019-07-23T08:05:26","guid":{"rendered":"https:\/\/linitiative.ca\/International\/elections-legislatives-al-badil-presente-33-listes-candidates\/"},"modified":"2019-07-23T04:05:26","modified_gmt":"2019-07-23T08:05:26","slug":"elections-legislatives-al-badil-presente-33-listes-candidates","status":"publish","type":"post","link":"https:\/\/linitiative.ca\/International\/elections-legislatives-al-badil-presente-33-listes-candidates\/","title":{"rendered":"Elections l\u00e9gislatives : Al Badil pr\u00e9sente 33 listes candidates"},"content":{"rendered":"<p>Le parti Al Badil Ettounsi (Alternative tunisienne) a adopt\u00e9, dimanche, toutes ses listes candidates aux prochaines \u00e9lections l\u00e9gislatives.<\/p>\n<p>Al Badil Ettounsi, pr\u00e9sid\u00e9 par Mehdi Joma\u00e2, participe \u00e0 ces \u00e9lections avec des listes candidates dans 33 circonscriptions.<\/p>\n<p>Lors d\u2019une r\u00e9union extraordinaire de son bureau politique, le parti a \u00e9galement d\u00e9cid\u00e9 d\u2019entamer, \u00e0 partir du lundi, le d\u00e9p\u00f4t de ses listes et l\u2019annonce de ses candidats.<\/p>\n<p>Il a invit\u00e9, dans un communiqu\u00e9 publi\u00e9 dimanche, l\u2019ISIE, la HAICA, les partis politiques, les partenaires sociaux, la soci\u00e9t\u00e9 civile et toutes les structures concern\u00e9es \u00e0 assumer leur r\u00f4le dans l\u2019assainissement du climat politique afin de garantir la r\u00e9ussite du processus \u00e9lectoral.<\/p>\n<p class=\"dpsp-share-text\">Partager c&rsquo;est aimer!<\/p>\n<div class=\"wp-post-author-wrap wp-post-author-shortcode left\">\n<h3 class=\"awpa-title\"\/>\n<div class=\"wp-post-author\">\n<div class=\"awpa-img awpa-author-block square\"><a href=\"http:\/\/lexpertjournal.net\/fr\/author\/expert\/\"><img loading=\"lazy\" decoding=\"async\" alt=\"\" src=\"http:\/\/2.gravatar.com\/avatar\/56d99be2a6f97af88ccb49fada637fcd?s=150&#038;d=mm&#038;r=g\" srcset=\"http:\/\/2.gravatar.com\/avatar\/56d99be2a6f97af88ccb49fada637fcd?s=300&#038;d=mm&#038;r=g 2x\" class=\"avatar avatar-150 photo\" height=\"150\" width=\"150\"\/><\/a><\/div>\n<\/div>\n<\/div>\n<p>Auteur: L&rsquo;expert<br \/>\n<a href=\"http:\/\/lexpertjournal.net\/fr\/2019\/07\/23\/elections-legislatives-al-badil-presente-33-listes-candidates\/\">Cliquez ici pour lire l&rsquo;article depuis sa source.<\/a><\/p>\n","protected":false},"excerpt":{"rendered":"<p>Le parti Al Badil Ettounsi (Alternative tunisienne) a adopt\u00e9, dimanche, toutes ses listes candidates aux prochaines \u00e9lections l\u00e9gislatives. Al Badil Ettounsi, pr\u00e9sid\u00e9 par Mehdi Joma\u00e2, participe \u00e0 ces \u00e9lections avec des listes candidates dans 33 circonscriptions. Lors d\u2019une r\u00e9union extraordinaire de son bureau politique, le parti a \u00e9galement d\u00e9cid\u00e9 d\u2019entamer, \u00e0 partir du lundi, le [&hellip;]<\/p>\n","protected":false},"author":1775,"featured_media":0,"comment_status":"closed","ping_status":"closed","sticky":false,"template":"","format":"standard","meta":{"fifu_image_url":"","fifu_image_alt":"","footnotes":""},"categories":[78,55],"tags":[],"class_list":["post-47901","post","type-post","status-publish","format-standard","hentry","category-economie","category-tunisie"],"_links":{"self":[{"href":"https:\/\/linitiative.ca\/International\/wp-json\/wp\/v2\/posts\/47901","targetHints":{"allow":["GET"]}}],"collection":[{"href":"https:\/\/linitiative.ca\/International\/wp-json\/wp\/v2\/posts"}],"about":[{"href":"https:\/\/linitiative.ca\/International\/wp-json\/wp\/v2\/types\/post"}],"author":[{"embeddable":true,"href":"https:\/\/linitiative.ca\/International\/wp-json\/wp\/v2\/users\/1775"}],"replies":[{"embeddable":true,"href":"https:\/\/linitiative.ca\/International\/wp-json\/wp\/v2\/comments?post=47901"}],"version-history":[{"count":0,"href":"https:\/\/linitiative.ca\/International\/wp-json\/wp\/v2\/posts\/47901\/revisions"}],"wp:attachment":[{"href":"https:\/\/linitiative.ca\/International\/wp-json\/wp\/v2\/media?parent=47901"}],"wp:term":[{"taxonomy":"category","embeddable":true,"href":"https:\/\/linitiative.ca\/International\/wp-json\/wp\/v2\/categories?post=47901"},{"taxonomy":"post_tag","embeddable":true,"href":"https:\/\/linitiative.ca\/International\/wp-json\/wp\/v2\/tags?post=47901"}],"curies":[{"name":"wp","href":"https:\/\/api.w.org\/{rel}","templated":true}]}}