{"id":47903,"date":"2019-07-23T04:15:44","date_gmt":"2019-07-23T08:15:44","guid":{"rendered":"https:\/\/linitiative.ca\/International\/annulation-de-laccord-du-8-juin-amal-tounes-rompt-avec-salma-elloumi\/"},"modified":"2019-07-23T04:15:44","modified_gmt":"2019-07-23T08:15:44","slug":"annulation-de-laccord-du-8-juin-amal-tounes-rompt-avec-salma-elloumi","status":"publish","type":"post","link":"https:\/\/linitiative.ca\/International\/annulation-de-laccord-du-8-juin-amal-tounes-rompt-avec-salma-elloumi\/","title":{"rendered":"Annulation de l\u2019accord du 8 juin : Amal Toun\u00e8s rompt avec Salma Elloumi"},"content":{"rendered":"<p>Amal Toun\u00e8s a annonc\u00e9 l\u2019annulation de l\u2019accord du 8 juin 2019 relatif \u00e0 l\u2019amendement de son r\u00e8glement int\u00e9rieur et l\u2019\u00e9lection de Salma Elloumi pr\u00e9sidente et repr\u00e9sentante l\u00e9gale du parti. Une d\u00e9cision que le parti explique dans une d\u00e9claration, par \u00bb le manque de s\u00e9rieux des parties signataires du document et leur d\u00e9sengagement quant \u00e0 la concr\u00e9tisation de ses clauses \u00bb.<\/p>\n<p>L\u2019accord, pr\u00e9cise la m\u00eame source, stipule de d\u00e9fendre la particularit\u00e9 du parti et ses principes fondamentaux et de pr\u00e9server ses dirigeants en maintenant trois membres du bureau ex\u00e9cutif dans la composition du nouveau bureau. Il est question, \u00e9galement, de respecter les structures locales et r\u00e9gionales du parti et de favoriser l\u2019\u00e9ligibilit\u00e9 de ses militants aux prochaines \u00e9lections l\u00e9gislatives.<\/p>\n<p>La secr\u00e9taire g\u00e9n\u00e9rale du parti Emna Mansouri Karoui reprend son poste en tant que pr\u00e9sidente, lit-on dans le texte de la d\u00e9claration dans laquelle le parti affirme regretter l\u2019\u00e9chec de la tentative de rapprocher les vues entre des parties partisanes et des personnalit\u00e9s politiques ainsi que le non aboutissement \u00e0 un accord s\u00e9rieux avec Salma Elloumi, lit-ont dans le texte de la d\u00e9claration.<\/p>\n<p>Le parti affirme \u00eatre ouvert \u00e0 toutes les forces partisanes, politiques et sociales pour r\u00e9unir les forces d\u00e9mocratiques de centre au service de l\u2019int\u00e9r\u00eat g\u00e9n\u00e9ral.<\/p>\n<p>Dans une d\u00e9claration datant du 8 juin dernier, Amal Toun\u00e8s avait annonc\u00e9 l\u2019\u00e9lection de l\u2019ancienne directrice du cabinet pr\u00e9sidentiel Salma Elloumi, pr\u00e9sidente du parti et son repr\u00e9sentant l\u00e9gal.<\/p>\n<p class=\"dpsp-share-text\">Partager c&rsquo;est aimer!<\/p>\n<div class=\"wp-post-author-wrap wp-post-author-shortcode left\">\n<h3 class=\"awpa-title\"\/>\n<div class=\"wp-post-author\">\n<div class=\"awpa-img awpa-author-block square\"><a href=\"http:\/\/lexpertjournal.net\/fr\/author\/expert\/\"><img loading=\"lazy\" decoding=\"async\" alt=\"\" src=\"http:\/\/2.gravatar.com\/avatar\/56d99be2a6f97af88ccb49fada637fcd?s=150&#038;d=mm&#038;r=g\" srcset=\"http:\/\/2.gravatar.com\/avatar\/56d99be2a6f97af88ccb49fada637fcd?s=300&#038;d=mm&#038;r=g 2x\" class=\"avatar avatar-150 photo\" height=\"150\" width=\"150\"\/><\/a><\/div>\n<\/div>\n<\/div>\n<p>Auteur: L&rsquo;expert<br \/>\n<a href=\"http:\/\/lexpertjournal.net\/fr\/2019\/07\/23\/annulation-de-laccord-du-8-juin-amal-tounes-rompt-avec-salma-elloumi\/\">Cliquez ici pour lire l&rsquo;article depuis sa source.<\/a><\/p>\n","protected":false},"excerpt":{"rendered":"<p>Amal Toun\u00e8s a annonc\u00e9 l\u2019annulation de l\u2019accord du 8 juin 2019 relatif \u00e0 l\u2019amendement de son r\u00e8glement int\u00e9rieur et l\u2019\u00e9lection de Salma Elloumi pr\u00e9sidente et repr\u00e9sentante l\u00e9gale du parti. Une d\u00e9cision que le parti explique dans une d\u00e9claration, par \u00bb le manque de s\u00e9rieux des parties signataires du document et leur d\u00e9sengagement quant \u00e0 la [&hellip;]<\/p>\n","protected":false},"author":1775,"featured_media":0,"comment_status":"closed","ping_status":"closed","sticky":false,"template":"","format":"standard","meta":{"fifu_image_url":"","fifu_image_alt":"","footnotes":""},"categories":[78,55],"tags":[],"class_list":["post-47903","post","type-post","status-publish","format-standard","hentry","category-economie","category-tunisie"],"_links":{"self":[{"href":"https:\/\/linitiative.ca\/International\/wp-json\/wp\/v2\/posts\/47903","targetHints":{"allow":["GET"]}}],"collection":[{"href":"https:\/\/linitiative.ca\/International\/wp-json\/wp\/v2\/posts"}],"about":[{"href":"https:\/\/linitiative.ca\/International\/wp-json\/wp\/v2\/types\/post"}],"author":[{"embeddable":true,"href":"https:\/\/linitiative.ca\/International\/wp-json\/wp\/v2\/users\/1775"}],"replies":[{"embeddable":true,"href":"https:\/\/linitiative.ca\/International\/wp-json\/wp\/v2\/comments?post=47903"}],"version-history":[{"count":0,"href":"https:\/\/linitiative.ca\/International\/wp-json\/wp\/v2\/posts\/47903\/revisions"}],"wp:attachment":[{"href":"https:\/\/linitiative.ca\/International\/wp-json\/wp\/v2\/media?parent=47903"}],"wp:term":[{"taxonomy":"category","embeddable":true,"href":"https:\/\/linitiative.ca\/International\/wp-json\/wp\/v2\/categories?post=47903"},{"taxonomy":"post_tag","embeddable":true,"href":"https:\/\/linitiative.ca\/International\/wp-json\/wp\/v2\/tags?post=47903"}],"curies":[{"name":"wp","href":"https:\/\/api.w.org\/{rel}","templated":true}]}}