{"id":47904,"date":"2019-07-23T04:17:18","date_gmt":"2019-07-23T08:17:18","guid":{"rendered":"https:\/\/linitiative.ca\/International\/avec-une-absence-du-quorum-larp-refuse-ladoption-dun-accord-de-pret-de-lafd\/"},"modified":"2019-07-23T04:17:18","modified_gmt":"2019-07-23T08:17:18","slug":"avec-une-absence-du-quorum-larp-refuse-ladoption-dun-accord-de-pret-de-lafd","status":"publish","type":"post","link":"https:\/\/linitiative.ca\/International\/avec-une-absence-du-quorum-larp-refuse-ladoption-dun-accord-de-pret-de-lafd\/","title":{"rendered":"Avec une absence du quorum : L\u2019ARP refuse l\u2019adoption d\u2019un accord de pr\u00eat de l\u2019AFD"},"content":{"rendered":"<p>L\u2019ARP a refus\u00e9, lundi, au cours d\u2019une s\u00e9ance pl\u00e9ni\u00e8re, l\u2019adoption d\u2019un projet de loi conclu entre la Tunisie et l\u2019Agence fran\u00e7aise de d\u00e9veloppement (AFD) d\u2019un montant de six millions d\u2019euros (environ 20 millions de dinars), en raison de l\u2019absence du quorum.<\/p>\n<p>Le projet qui vise \u00e0 contribuer au financement du programme de r\u00e9habilitation des anciens centres urbains de Tunis a b\u00e9n\u00e9fici\u00e9 de 70 voix pour, l\u2019abstention de 15 d\u00e9put\u00e9s et aucune objection.<\/p>\n<p>Le ministre de l\u2019Equipement, de l\u2019Habitat et de l\u2019Am\u00e9nagement du territoire, Noureddine Salmi, a soulign\u00e9 que le montant consacr\u00e9 au projet de r\u00e9habilitation des quartiers des anciens centres urbains de la Tunisie estim\u00e9 \u00e0 40 millions de dinars, est insuffisant pour couvrir toutes les r\u00e9gions.<\/p>\n<p>Il a expliqu\u00e9 que les projets qui seront pr\u00e9sent\u00e9s par les communes b\u00e9n\u00e9ficieront au maximum d\u2019un montant de 5 MD, pr\u00e9cisant que l\u2019annonce des anciens centres urbains de la Tunisie se fera au d\u00e9but de 2020.<\/p>\n<p>Et d\u2019ajouter qu\u2019une commission a \u00e9t\u00e9 cr\u00e9\u00e9e, le 10 mai 2019, pour assurer le suivi de la r\u00e9alisation du programme. Elle est pr\u00e9sid\u00e9e par le minist\u00e8re de l\u2019Equipement et compos\u00e9e de toutes les parties concern\u00e9es. Par ailleurs, un site internet sur ce projet et comportant toutes les donn\u00e9es n\u00e9cessaires a \u00e9galement \u00e9t\u00e9 mis en place.<\/p>\n<p>Salmi a estim\u00e9 que ce projet, constitue un pas important pour prot\u00e9ger et pr\u00e9server le patrimoine urbain dans plusieurs villes.<\/p>\n<p>Plusieurs d\u00e9put\u00e9s avaient soulign\u00e9 que le co\u00fbt du programme ne garantit pas le rendement exig\u00e9 pour la r\u00e9habilitation des anciens centres urbains et leur inclusion \u00e9conomique et sociale, sugg\u00e9rant d\u2019allouer des cr\u00e9dits au profit des centres urbains concern\u00e9s.<\/p>\n<p>Le cr\u00e9dit, conclu le 22 octobre 2018, sera rembours\u00e9 sur une p\u00e9riode de 20 ans dont 7 ann\u00e9es de gr\u00e2ce, \u00e0 un taux d\u2019int\u00e9r\u00eat \u00e9valu\u00e9 sur la base du taux d\u2019int\u00e9r\u00eat (euribor 6 mois).<\/p>\n<p class=\"dpsp-share-text\">Partager c&rsquo;est aimer!<\/p>\n<div class=\"wp-post-author-wrap wp-post-author-shortcode left\">\n<h3 class=\"awpa-title\"\/>\n<div class=\"wp-post-author\">\n<div class=\"awpa-img awpa-author-block square\"><a href=\"http:\/\/lexpertjournal.net\/fr\/author\/expert\/\"><img loading=\"lazy\" decoding=\"async\" alt=\"\" src=\"http:\/\/2.gravatar.com\/avatar\/56d99be2a6f97af88ccb49fada637fcd?s=150&#038;d=mm&#038;r=g\" srcset=\"http:\/\/2.gravatar.com\/avatar\/56d99be2a6f97af88ccb49fada637fcd?s=300&#038;d=mm&#038;r=g 2x\" class=\"avatar avatar-150 photo\" height=\"150\" width=\"150\"\/><\/a><\/div>\n<\/div>\n<\/div>\n<p>Auteur: L&rsquo;expert<br \/>\n<a href=\"http:\/\/lexpertjournal.net\/fr\/2019\/07\/23\/avec-une-absence-du-quorum-larp-refuse-ladoption-dun-accord-de-pret-de-lafd\/\">Cliquez ici pour lire l&rsquo;article depuis sa source.<\/a><\/p>\n","protected":false},"excerpt":{"rendered":"<p>L\u2019ARP a refus\u00e9, lundi, au cours d\u2019une s\u00e9ance pl\u00e9ni\u00e8re, l\u2019adoption d\u2019un projet de loi conclu entre la Tunisie et l\u2019Agence fran\u00e7aise de d\u00e9veloppement (AFD) d\u2019un montant de six millions d\u2019euros (environ 20 millions de dinars), en raison de l\u2019absence du quorum. Le projet qui vise \u00e0 contribuer au financement du programme de r\u00e9habilitation des anciens [&hellip;]<\/p>\n","protected":false},"author":1775,"featured_media":0,"comment_status":"closed","ping_status":"closed","sticky":false,"template":"","format":"standard","meta":{"fifu_image_url":"","fifu_image_alt":"","footnotes":""},"categories":[78,55],"tags":[],"class_list":["post-47904","post","type-post","status-publish","format-standard","hentry","category-economie","category-tunisie"],"_links":{"self":[{"href":"https:\/\/linitiative.ca\/International\/wp-json\/wp\/v2\/posts\/47904","targetHints":{"allow":["GET"]}}],"collection":[{"href":"https:\/\/linitiative.ca\/International\/wp-json\/wp\/v2\/posts"}],"about":[{"href":"https:\/\/linitiative.ca\/International\/wp-json\/wp\/v2\/types\/post"}],"author":[{"embeddable":true,"href":"https:\/\/linitiative.ca\/International\/wp-json\/wp\/v2\/users\/1775"}],"replies":[{"embeddable":true,"href":"https:\/\/linitiative.ca\/International\/wp-json\/wp\/v2\/comments?post=47904"}],"version-history":[{"count":0,"href":"https:\/\/linitiative.ca\/International\/wp-json\/wp\/v2\/posts\/47904\/revisions"}],"wp:attachment":[{"href":"https:\/\/linitiative.ca\/International\/wp-json\/wp\/v2\/media?parent=47904"}],"wp:term":[{"taxonomy":"category","embeddable":true,"href":"https:\/\/linitiative.ca\/International\/wp-json\/wp\/v2\/categories?post=47904"},{"taxonomy":"post_tag","embeddable":true,"href":"https:\/\/linitiative.ca\/International\/wp-json\/wp\/v2\/tags?post=47904"}],"curies":[{"name":"wp","href":"https:\/\/api.w.org\/{rel}","templated":true}]}}