{"id":47905,"date":"2019-07-23T04:22:04","date_gmt":"2019-07-23T08:22:04","guid":{"rendered":"https:\/\/linitiative.ca\/International\/pourparlers-de-lautorite-palestinienne-avec-des-pays-arabes-necessite-de-mettre-fin-a-la-dependance-economique-envers-tel-aviv\/"},"modified":"2019-07-23T04:22:04","modified_gmt":"2019-07-23T08:22:04","slug":"pourparlers-de-lautorite-palestinienne-avec-des-pays-arabes-necessite-de-mettre-fin-a-la-dependance-economique-envers-tel-aviv","status":"publish","type":"post","link":"https:\/\/linitiative.ca\/International\/pourparlers-de-lautorite-palestinienne-avec-des-pays-arabes-necessite-de-mettre-fin-a-la-dependance-economique-envers-tel-aviv\/","title":{"rendered":"Pourparlers de l\u2019autorit\u00e9 palestinienne avec des pays arabes : N\u00e9cessit\u00e9 de mettre fin \u00e0 la d\u00e9pendance \u00e9conomique envers Tel Aviv"},"content":{"rendered":"<p>L\u2019autorit\u00e9 palestinienne a lanc\u00e9 des pourparlers avec des pays arabes, dont le gouvernement tunisien, pour la mise en \u0153uvre de programmes de coop\u00e9ration socio-\u00e9conomique permettant de mettre fin \u00e0 la d\u00e9pendance \u00e9conomique palestinienne envers Isra\u00ebl, a annonc\u00e9, lundi \u00e0 Tunis, le ministre palestinien du d\u00e9veloppement social, Ahmad Majdalani.<\/p>\n<p>Le ministre a d\u00e9clar\u00e9, en marge de la signature d\u2019un m\u00e9morandum de coop\u00e9ration en mati\u00e8re de d\u00e9veloppement social entre les deux pays, que le gouvernement palestinien \u0153uvre \u00e0 passer du statut d\u2019une autorit\u00e9 \u00e0 celui d\u2019un Etat. Ces pourparlers, lanc\u00e9s avec des pays arabes dont la Tunisie, la Jordanie et l\u2019Iraq, visent \u00e0 consolider le tissu \u00e9conomique palestinien pour parachever la phase de d\u00e9pendance envers l\u2019occupation isra\u00e9lienne, a-t-il pr\u00e9cis\u00e9.<\/p>\n<p>\u00ab Ce d\u00e9sengagement \u00e9conomique progressif avec Isra\u00ebl, est un processus complexe, non seulement sur le plan politique, mais n\u00e9cessite aussi un \u00e9tablissement de relations \u00e9conomiques avec des pays arabes \u00bb, a r\u00e9v\u00e9l\u00e9 Majdalani.<\/p>\n<p>A cet effet le responsable palestinien a indiqu\u00e9 qu\u2019\u00e9tablir des relations \u00e9conomiques avec les pays arabes permettre un changement important au niveau de la structure de l\u2019\u00e9conomie palestinienne et des relations de la Palestine avec les pays arabes.<\/p>\n<p>\u00ab Les palestiniens ne vont pas accepter le maintien du statu quo ni les d\u00e9cisions am\u00e9ricaines et isra\u00e9liennes. \u00bb a confirm\u00e9 le ministre palestinien.<\/p>\n<p>Le ministre a notamment rappel\u00e9 que les concertations avec les diff\u00e9rents Etats, pour obtenir l\u2019appui concernant la reconnaissance d\u2019un Etat palestinien, se poursuivent.<\/p>\n<p class=\"dpsp-share-text\">Partager c&rsquo;est aimer!<\/p>\n<div class=\"wp-post-author-wrap wp-post-author-shortcode left\">\n<h3 class=\"awpa-title\"\/>\n<div class=\"wp-post-author\">\n<div class=\"awpa-img awpa-author-block square\"><a href=\"http:\/\/lexpertjournal.net\/fr\/author\/expert\/\"><img loading=\"lazy\" decoding=\"async\" alt=\"\" src=\"http:\/\/2.gravatar.com\/avatar\/56d99be2a6f97af88ccb49fada637fcd?s=150&#038;d=mm&#038;r=g\" srcset=\"http:\/\/2.gravatar.com\/avatar\/56d99be2a6f97af88ccb49fada637fcd?s=300&#038;d=mm&#038;r=g 2x\" class=\"avatar avatar-150 photo\" height=\"150\" width=\"150\"\/><\/a><\/div>\n<\/div>\n<\/div>\n<p>Auteur: L&rsquo;expert<br \/>\n<a href=\"http:\/\/lexpertjournal.net\/fr\/2019\/07\/23\/pourparlers-de-lautorite-palestinienne-avec-des-pays-arabes-necessite-de-mettre-fin-a-la-dependance-economique-envers-tel-aviv\/\">Cliquez ici pour lire l&rsquo;article depuis sa source.<\/a><\/p>\n","protected":false},"excerpt":{"rendered":"<p>L\u2019autorit\u00e9 palestinienne a lanc\u00e9 des pourparlers avec des pays arabes, dont le gouvernement tunisien, pour la mise en \u0153uvre de programmes de coop\u00e9ration socio-\u00e9conomique permettant de mettre fin \u00e0 la d\u00e9pendance \u00e9conomique palestinienne envers Isra\u00ebl, a annonc\u00e9, lundi \u00e0 Tunis, le ministre palestinien du d\u00e9veloppement social, Ahmad Majdalani. Le ministre a d\u00e9clar\u00e9, en marge de [&hellip;]<\/p>\n","protected":false},"author":1775,"featured_media":0,"comment_status":"closed","ping_status":"closed","sticky":false,"template":"","format":"standard","meta":{"fifu_image_url":"","fifu_image_alt":"","footnotes":""},"categories":[78,55],"tags":[],"class_list":["post-47905","post","type-post","status-publish","format-standard","hentry","category-economie","category-tunisie"],"_links":{"self":[{"href":"https:\/\/linitiative.ca\/International\/wp-json\/wp\/v2\/posts\/47905","targetHints":{"allow":["GET"]}}],"collection":[{"href":"https:\/\/linitiative.ca\/International\/wp-json\/wp\/v2\/posts"}],"about":[{"href":"https:\/\/linitiative.ca\/International\/wp-json\/wp\/v2\/types\/post"}],"author":[{"embeddable":true,"href":"https:\/\/linitiative.ca\/International\/wp-json\/wp\/v2\/users\/1775"}],"replies":[{"embeddable":true,"href":"https:\/\/linitiative.ca\/International\/wp-json\/wp\/v2\/comments?post=47905"}],"version-history":[{"count":0,"href":"https:\/\/linitiative.ca\/International\/wp-json\/wp\/v2\/posts\/47905\/revisions"}],"wp:attachment":[{"href":"https:\/\/linitiative.ca\/International\/wp-json\/wp\/v2\/media?parent=47905"}],"wp:term":[{"taxonomy":"category","embeddable":true,"href":"https:\/\/linitiative.ca\/International\/wp-json\/wp\/v2\/categories?post=47905"},{"taxonomy":"post_tag","embeddable":true,"href":"https:\/\/linitiative.ca\/International\/wp-json\/wp\/v2\/tags?post=47905"}],"curies":[{"name":"wp","href":"https:\/\/api.w.org\/{rel}","templated":true}]}}