{"id":47919,"date":"2019-07-22T14:29:03","date_gmt":"2019-07-22T18:29:03","guid":{"rendered":"https:\/\/linitiative.ca\/International\/coup-denvoi-du-9e-challenge-international-cycliste\/"},"modified":"2019-07-22T14:29:03","modified_gmt":"2019-07-22T18:29:03","slug":"coup-denvoi-du-9e-challenge-international-cycliste","status":"publish","type":"post","link":"https:\/\/linitiative.ca\/International\/coup-denvoi-du-9e-challenge-international-cycliste\/","title":{"rendered":"Coup d\u2019envoi du 9\u00e8 Challenge international cycliste"},"content":{"rendered":"<div readability=\"43\">\n<p>El Kela\u00e2 des Sraghna- Le coup d\u2019envoi du 9\u00e8 Challenge international de SAR le Prince H\u00e9ritier Moulay El Hassan a \u00e9t\u00e9 donn\u00e9, lundi \u00e0 El Kela\u00e2 des Sraghna, avec la participation de 9 \u00e9quipes issues d\u2019Alg\u00e9rie, d\u2019Egypte, d\u2019Afrique du Sud, de Turquie, du Burkina Faso et de l\u2019Azerba\u00efdjan, en plus du Maroc qui est repr\u00e9sent\u00e9 par trois s\u00e9lections (nationale, r\u00e9gionale et olympique).<\/p>\n<\/div>\n<div readability=\"130\">\n<p>La premi\u00e8re \u00e9tape de ce tour relie El Kela\u00e2 des\u00a0Sraghna\u00a0\u00e0 B\u00e9ni Mellal sur une distance de 151 km en passant par El Bourouj et Fkih Ben Saleh.<\/p>\n<p>Le coup d\u2019envoi de cette \u00e9tape a \u00e9t\u00e9 donn\u00e9 en pr\u00e9sence du secr\u00e9taire g\u00e9n\u00e9ral, gouverneur par int\u00e9rim de la province d\u2019El Kela\u00e2 des\u00a0Sraghna, du pr\u00e9sident de la F\u00e9d\u00e9ration Royale Marocaine de Cyclisme (FRMC), Mohamed Belmahi, et des \u00e9lus locaux ainsi que d\u2019autres personnalit\u00e9s civiles et militaires.<\/p>\n<p>Dans une d\u00e9claration \u00e0 la MAP, M. Belmahi a relev\u00e9 que le Challenge SAR le Prince H\u00e9ritier Moulay El Hassan a largement contribu\u00e9 au d\u00e9veloppement du cyclisme aussi bien au Maroc qu\u2019en Afrique d\u2019autant plus que la promotion de ce sport \u00e0 travers le Continent constitue l\u2019une des priorit\u00e9s de la FRMC.<\/p>\n<p>\u00ab\u00a0Le Challenge de SAR le Prince H\u00e9ritier Moulay El Hassan, qui s\u2019est ajout\u00e9 aux autres \u00e9preuves organis\u00e9es avec beaucoup de succ\u00e8s par la F\u00e9d\u00e9ration, a contribu\u00e9 de fa\u00e7on significative au d\u00e9veloppement de notre sport\u00a0\u00bb, a-t-il ajout\u00e9.<\/p>\n<p>Le pr\u00e9sident de la FRMC a vant\u00e9 les m\u00e9rites de la formule adopt\u00e9e pour cette comp\u00e9tition, la qualifiant d\u2019exemple \u00e0 suivre.<\/p>\n<p>\u00ab\u00a0La formule choisie pour cette comp\u00e9tition -trois courses en ligne en trois jours- est extr\u00eamement int\u00e9ressante et pourra servir d\u2019exemple \u00e0 l\u2019avenir pour d\u2019autres organisateurs\u00a0\u00bb, surtout qu\u2019il s\u2019agit d&rsquo;\u00a0\u00bbune option moderne et dynamique, qui permettra aux meilleurs coureurs de la r\u00e9gion de se mesurer dans des conditions id\u00e9ales\u00a0\u00bb, a-t-il dit dans ce contexte.<\/p>\n<p>\u00ab\u00a0Le cyclisme national, en grande mutation sportive, et au pass\u00e9 glorieux, affiche aujourd\u2019hui des ambitions fortes, \u00e0 travers la mise en place de v\u00e9ritables bases de professionnalisation de l\u2019\u00e9v\u00e8nement, en parfaite ad\u00e9quation avec les nouvelles orientations du minist\u00e8re de la Jeunesse et des Sports, qui vise \u00e0 faire du cyclisme un levier fort du d\u00e9veloppement socio-\u00e9conomique de notre pays, conform\u00e9ment aux Hautes Orientations Royales en la mati\u00e8re\u00a0\u00bb, a-t-il indiqu\u00e9.<\/p>\n<p>Et de conclure qu\u2019il s\u2019agit d\u2019une comp\u00e9tition internationale qui pr\u00e9sente au monde entier les m\u00e9rites de la communion existant entre le peuple marocain et le Tr\u00f4ne Alaouite.<\/p>\n<p>De son c\u00f4t\u00e9, le pr\u00e9sident de la Conf\u00e9d\u00e9ration africaine de cyclisme (CAC), Dr. Azzam Wagih a affirm\u00e9, dans un message, que la CAC \u00ab\u00a0\u00e0 l\u2019instar de tous les responsables africains, s\u2019implique aux c\u00f4t\u00e9s de la FRMC pour r\u00e9ussir ce challenge\u00a0\u00bb.<\/p>\n<p>Organis\u00e9 sous le Haut Patronage de Sa Majest\u00e9 le Roi Mohammed VI, le Challenge international de SAR le Prince H\u00e9ritier Moulay El Hassan est une s\u00e9rie de courses cyclistes sur route qui se d\u00e9roulera du 22 au 25 juillet courant \u00e0 l\u2019occasion de la F\u00eate du Tr\u00f4ne.<\/p>\n<p>La deuxi\u00e8me \u00e9tape, qui reliera Beni Mellal \u00e0 Beja\u00e2d (146 km) via Fkih Ben Saleh, Khouribga et Oued Zem, se d\u00e9roulera le mercredi alors que la troisi\u00e8me et derni\u00e8re \u00e9tape (140 km) qui partira de Fkih Ben Saleh en passant par Kasbah Tadla, Beja\u00e2d, Oued Zem en retournant \u00e0 Fkih Ben Saleh, se disputera jeudi prochain.<\/p>\n<p>Cet \u00e9v\u00e9nement qui c\u00e9l\u00e8bre l\u2019anniversaire de SAR le Prince H\u00e9ritier Moulay El Hassan est inscrit au calendrier de l\u2019Union cycliste internationale Africa Tour.<\/p>\n<p>Il refl\u00e8te la dimension r\u00e9elle de l\u2019attachement ind\u00e9fectible et irr\u00e9versible du peuple marocain au Glorieux Tr\u00f4ne alaouite, garant de l\u2019unit\u00e9, de la stabilit\u00e9 et de la prosp\u00e9rit\u00e9 du Royaume.<\/p>\n<p>Cette comp\u00e9tition \u00ab\u00a0ambitionne d\u2019\u00eatre une vitrine qui valorise les atouts touristiques du pays ainsi que ses richesses culturelles, d\u2019autant plus que \u00ab\u00a0ce challenge constitue un facteur d\u2019\u00e9volution sociale\u00a0\u00bb et \u00ab\u00a0confirme une fois de plus que le Royaume du Maroc est un v\u00e9ritable havre de paix et une terre d\u2019hospitalit\u00e9, de dialogue et de tol\u00e9rance\u00a0\u00bb.<\/p>\n<p>Cette manifestation sportive internationale est organis\u00e9e par la FRMC en partenariat avec le minist\u00e8re de la jeunesse et des sports, le Comit\u00e9 national Olympique marocain (CNOM), l\u2019Union cycliste internationale (UCI) et la CAC.<\/p>\n<\/div>\n<p>Auteur: Mohammed KOURSI<br \/>\n<a href=\"http:\/\/www.mapmarrakech.ma\/fr\/cyclisme-coup-denvoi-du-9e-challenge-international-de-sar-le-prince-heritier-moulay-el-hassan\/\">Cliquez ici pour lire l&rsquo;article depuis sa source.<\/a><\/p>\n","protected":false},"excerpt":{"rendered":"<p>El Kela\u00e2 des Sraghna- Le coup d\u2019envoi du 9\u00e8 Challenge international de SAR le Prince H\u00e9ritier Moulay El Hassan a \u00e9t\u00e9 donn\u00e9, lundi \u00e0 El Kela\u00e2 des Sraghna, avec la participation de 9 \u00e9quipes issues d\u2019Alg\u00e9rie, d\u2019Egypte, d\u2019Afrique du Sud, de Turquie, du Burkina Faso et de l\u2019Azerba\u00efdjan, en plus du Maroc qui est repr\u00e9sent\u00e9 [&hellip;]<\/p>\n","protected":false},"author":1788,"featured_media":0,"comment_status":"closed","ping_status":"closed","sticky":false,"template":"","format":"standard","meta":{"fifu_image_url":"","fifu_image_alt":"","footnotes":""},"categories":[54,76],"tags":[],"class_list":["post-47919","post","type-post","status-publish","format-standard","hentry","category-maroc","category-regions"],"_links":{"self":[{"href":"https:\/\/linitiative.ca\/International\/wp-json\/wp\/v2\/posts\/47919","targetHints":{"allow":["GET"]}}],"collection":[{"href":"https:\/\/linitiative.ca\/International\/wp-json\/wp\/v2\/posts"}],"about":[{"href":"https:\/\/linitiative.ca\/International\/wp-json\/wp\/v2\/types\/post"}],"author":[{"embeddable":true,"href":"https:\/\/linitiative.ca\/International\/wp-json\/wp\/v2\/users\/1788"}],"replies":[{"embeddable":true,"href":"https:\/\/linitiative.ca\/International\/wp-json\/wp\/v2\/comments?post=47919"}],"version-history":[{"count":0,"href":"https:\/\/linitiative.ca\/International\/wp-json\/wp\/v2\/posts\/47919\/revisions"}],"wp:attachment":[{"href":"https:\/\/linitiative.ca\/International\/wp-json\/wp\/v2\/media?parent=47919"}],"wp:term":[{"taxonomy":"category","embeddable":true,"href":"https:\/\/linitiative.ca\/International\/wp-json\/wp\/v2\/categories?post=47919"},{"taxonomy":"post_tag","embeddable":true,"href":"https:\/\/linitiative.ca\/International\/wp-json\/wp\/v2\/tags?post=47919"}],"curies":[{"name":"wp","href":"https:\/\/api.w.org\/{rel}","templated":true}]}}