{"id":47920,"date":"2019-07-22T18:46:19","date_gmt":"2019-07-22T22:46:19","guid":{"rendered":"https:\/\/linitiative.ca\/International\/la-region-de-marrakech-safi-fete-ses-brillants-eleves\/"},"modified":"2019-07-22T18:46:19","modified_gmt":"2019-07-22T22:46:19","slug":"la-region-de-marrakech-safi-fete-ses-brillants-eleves","status":"publish","type":"post","link":"https:\/\/linitiative.ca\/International\/la-region-de-marrakech-safi-fete-ses-brillants-eleves\/","title":{"rendered":"La r\u00e9gion de Marrakech-Safi f\u00eate ses brillants \u00e9l\u00e8ves"},"content":{"rendered":"<p><iframe loading=\"lazy\" width=\"1170\" height=\"658\" src=\"https:\/\/www.youtube.com\/embed\/uSQ88XgS7oE?feature=oembed\" frameborder=\"0\" allow=\"accelerometer; autoplay; encrypted-media; gyroscope; picture-in-picture\" allowfullscreen=\"\">[embedded content]<\/iframe><\/p>\n<div class=\"single-post-excerpt post-excerpt-bc\" readability=\"38\">\n<p>Le Conseil de la r\u00e9gion et l\u2019Acad\u00e9mie r\u00e9gionale d\u2019\u00e9ducation et de formation (AREF) de Marrakech-Safi ont organis\u00e9 conjointement, r\u00e9cemment dans la cit\u00e9 ocre, une c\u00e9r\u00e9monie destin\u00e9e \u00e0 f\u00eater les \u00e9l\u00e8ves de la r\u00e9gion, qui ont brill\u00e9 dans tous les cycles et branches au titre de l\u2019ann\u00e9e scolaire 2018-2019<\/p>\n<\/div>\n<p>Auteur: Mohammed KOURSI<br \/>\n<a href=\"http:\/\/www.mapmarrakech.ma\/fr\/la-region-marrakech-safi-fete-ses-brillants-eleves-2\/\">Cliquez ici pour lire l&rsquo;article depuis sa source.<\/a><\/p>\n","protected":false},"excerpt":{"rendered":"<p>[embedded content] Le Conseil de la r\u00e9gion et l\u2019Acad\u00e9mie r\u00e9gionale d\u2019\u00e9ducation et de formation (AREF) de Marrakech-Safi ont organis\u00e9 conjointement, r\u00e9cemment dans la cit\u00e9 ocre, une c\u00e9r\u00e9monie destin\u00e9e \u00e0 f\u00eater les \u00e9l\u00e8ves de la r\u00e9gion, qui ont brill\u00e9 dans tous les cycles et branches au titre de l\u2019ann\u00e9e scolaire 2018-2019 Auteur: Mohammed KOURSI Cliquez ici [&hellip;]<\/p>\n","protected":false},"author":1788,"featured_media":0,"comment_status":"closed","ping_status":"closed","sticky":false,"template":"","format":"standard","meta":{"fifu_image_url":"","fifu_image_alt":"","footnotes":""},"categories":[54,76],"tags":[],"class_list":["post-47920","post","type-post","status-publish","format-standard","hentry","category-maroc","category-regions"],"_links":{"self":[{"href":"https:\/\/linitiative.ca\/International\/wp-json\/wp\/v2\/posts\/47920","targetHints":{"allow":["GET"]}}],"collection":[{"href":"https:\/\/linitiative.ca\/International\/wp-json\/wp\/v2\/posts"}],"about":[{"href":"https:\/\/linitiative.ca\/International\/wp-json\/wp\/v2\/types\/post"}],"author":[{"embeddable":true,"href":"https:\/\/linitiative.ca\/International\/wp-json\/wp\/v2\/users\/1788"}],"replies":[{"embeddable":true,"href":"https:\/\/linitiative.ca\/International\/wp-json\/wp\/v2\/comments?post=47920"}],"version-history":[{"count":0,"href":"https:\/\/linitiative.ca\/International\/wp-json\/wp\/v2\/posts\/47920\/revisions"}],"wp:attachment":[{"href":"https:\/\/linitiative.ca\/International\/wp-json\/wp\/v2\/media?parent=47920"}],"wp:term":[{"taxonomy":"category","embeddable":true,"href":"https:\/\/linitiative.ca\/International\/wp-json\/wp\/v2\/categories?post=47920"},{"taxonomy":"post_tag","embeddable":true,"href":"https:\/\/linitiative.ca\/International\/wp-json\/wp\/v2\/tags?post=47920"}],"curies":[{"name":"wp","href":"https:\/\/api.w.org\/{rel}","templated":true}]}}