{"id":47921,"date":"2019-07-23T11:12:18","date_gmt":"2019-07-23T15:12:18","guid":{"rendered":"https:\/\/linitiative.ca\/International\/mcic-ou-quand-linnovation-valorise-le-patrimoine\/"},"modified":"2019-07-23T11:12:18","modified_gmt":"2019-07-23T15:12:18","slug":"mcic-ou-quand-linnovation-valorise-le-patrimoine","status":"publish","type":"post","link":"https:\/\/linitiative.ca\/International\/mcic-ou-quand-linnovation-valorise-le-patrimoine\/","title":{"rendered":"MCIC, ou quand l\u2019innovation valorise le patrimoine"},"content":{"rendered":"<p>Dans ce sens, plusieurs projets et initiatives ont vu le jour au niveau de la r\u00e9gion, dans le cadre d\u2019une approche participative, avec pour objectif ultime de booster l\u2019\u00e9conomie des Petites et Moyennes Entreprises (PME), et d\u2019assurer un d\u00e9veloppement durable, inclusif et int\u00e9gr\u00e9 dans la r\u00e9gion, susceptible d\u2019am\u00e9liorer les conditions de vie des populations et de rendre cette partie du territoire national encore plus comp\u00e9titive sur les plans national et international.<\/p>\n<p>Parmi ces initiatives, figure le \u00ab\u00a0Marrakech Creative Interiors Cluster\u00a0\u00bb (MCIC), qui repr\u00e9sente aujourd\u2019hui un v\u00e9ritable vivier d\u2019artisans, voire une p\u00e9pini\u00e8re de professionnels et de comp\u00e9tences locaux, passionn\u00e9s et innovants dans le domaine de l\u2019art de la d\u00e9coration et de l\u2019ameublement et qui, tout en \u00e9tant sensibles aux tendances actuelles et futures de cette fili\u00e8re, veillent \u00e0 la pr\u00e9servation, \u00e0 la promotion et \u00e0 la valorisation de l\u2019authenticit\u00e9 et de l\u2019originalit\u00e9 du patrimoine culturel et du savoir-faire artisanal marocain, mondialement reconnues.<\/p>\n<p>Cr\u00e9\u00e9 en janvier 2016, le \u00ab\u00a0MCIC\u00a0\u00bb se veut ainsi un regroupement d\u2019entreprises bas\u00e9es, dans leur majorit\u00e9, au quartier industriel de Sidi Ghanem, et anim\u00e9es par une m\u00eame volont\u00e9 : celle d\u2019accro\u00eetre leur comp\u00e9titivit\u00e9, leurs capacit\u00e9s de cr\u00e9ation et de modernisation, tout en valorisant la richesse et le savoir-faire artisanal national et en favorisant la promotion d\u2019un domaine commun en l\u2019occurrence le design d\u2019int\u00e9rieur dans le Royaume.<\/p>\n<p>Le \u00ab\u00a0MCIC\u00a0\u00bb constitue, de ce fait, une v\u00e9ritable plateforme transversale regroupant les professionnels locaux de la d\u00e9coration et de l\u2019ameublement ainsi que les op\u00e9rateurs \u00e9conomiques intervenant dans ce domaine autour d\u2019un projet commun : la promotion de la comp\u00e9titivit\u00e9 de leurs entreprises et l\u2019am\u00e9lioration de leurs \u00e9changes commerciaux aux niveaux r\u00e9gional, national et international.<\/p>\n<p>Rassemblant des entreprises op\u00e9rant dans les cinq segments de produits qui composent l\u2019univers de l\u2019habitat : Meubles, Objets de d\u00e9coration, Art de la table, Luminaires et Linge de maison, le \u00ab\u00a0MCIC\u00a0\u00bb est compos\u00e9 d\u2019entreprises leaders et dynamiques, consid\u00e9r\u00e9es comme les moteurs de la fili\u00e8re en termes de technologie, de d\u00e9veloppement de produits, d\u2019innovation et de savoir-faire, avec une strat\u00e9gie orient\u00e9e vers la diff\u00e9renciation des produits et de l\u2019offre, tout en mettant l\u2019accent sur le design et le service, ainsi que sur le d\u00e9veloppement de marques et de produits finis \u00e0 forte valeur ajout\u00e9e.<\/p>\n<p>Ainsi, plus d\u2019une cinquantaine d\u2019acteurs (boutiques, artisans, designers, d\u00e9corateurs, centres de formation, institutions, et autres maillons de l\u2019\u00e9cosyst\u00e8me pouvant contribuer au d\u00e9veloppement de la fili\u00e8re) se sont regroup\u00e9s pour former ce Cluster, qui permettra \u00e0 ces entreprises de booster leurs performances, d\u2019am\u00e9liorer leur positionnement, de diversifier leurs offres et produits et surtout de renforcer leur visibilit\u00e9 sur les march\u00e9s national et international.<\/p>\n<p>Selon ses fondateurs, le \u00ab\u00a0MCIC\u00a0\u00bb s\u2019assigne pour principaux objectifs de favoriser une dynamique de progr\u00e8s permettant aux entreprises membres de devenir plus comp\u00e9titives et de conqu\u00e9rir des march\u00e9s \u00e0 l\u2019\u00e9chelle nationale et internationale, d\u2019am\u00e9liorer la conception des produits et pr\u00e9senter une offre compl\u00e9mentaire \u00e0 forte valeur ajout\u00e9e en termes d\u2019innovation, de cr\u00e9ativit\u00e9 et de design, et de r\u00e9unir les membres du Cluster autour de projets et d\u2019initiatives communes permettant d\u2019assurer leur progr\u00e8s et leur p\u00e9rennit\u00e9, tout en oeuvrant \u00e0 la pr\u00e9servation des savoir-faire ancestraux, \u00e0 leur adaptation \u00e0 la modernit\u00e9 et \u00e0 la mondialisation, et \u00e0 la cr\u00e9ation d\u2019opportunit\u00e9s d\u2019emplois dans la r\u00e9gion, faisant ainsi de leur cr\u00e9ativit\u00e9 un outil de r\u00e9silience aux niveaux local et r\u00e9gional.<\/p>\n<p>Il est \u00e0 rappeler que le \u00ab\u00a0Marrakech\u00a0Creative Interiors Cluster\u00a0\u00bb s\u2019est constitu\u00e9 sous l\u2019\u00e9gide de \u00ab\u00a0Creative Mediterranean\u00a0\u00bb, un projet de coop\u00e9ration financ\u00e9 par l\u2019Union Europ\u00e9enne et l\u2019Agence italienne de la coop\u00e9ration pour le d\u00e9veloppement, et mis en \u0153uvre par l\u2019Organisation des Nations Unies pour le d\u00e9veloppement industriel (ONUDI), impliquant sept pays du sud de la M\u00e9diterran\u00e9e, dont le Maroc.<\/p>\n<p>En effet, l\u2019ONUDI a choisi de miser principalement sur un outil de d\u00e9veloppement \u00e9conomique bas\u00e9 sur la coop\u00e9ration et la mise en place d\u2019actions communes (les clusters) afin de d\u00e9velopper son programme concernant \u00ab\u00a0les industries cr\u00e9atives et culturelles\u00a0\u00bb dans ces sept pays et d\u00e9montrer ainsi que ce genre d\u2019initiatives peut lib\u00e9rer le potentiel de croissance, cr\u00e9er des synergies et assurer le d\u00e9veloppement d\u2019entreprises actives dans le domaine des industries culturelles et cr\u00e9atives, qui ont un certain potentiel pour contribuer \u00e0 une croissance \u00e9conomique durable et inclusive.<\/p>\n<p>Sur le plan national, deux clusters ont \u00e9t\u00e9 donc s\u00e9lectionn\u00e9s : le premier d\u00e9di\u00e9 au textile de maison dans la r\u00e9gion du Grand Casablanca, alors que le 2\u00e8me, bas\u00e9 dans la cit\u00e9 ocre, concerne la d\u00e9coration et l\u2019ameublement, sachant que ces deux plateformes sont accompagn\u00e9es depuis 2015, \u00e0 travers une assistance technique de l\u2019ONUDI dans leur structuration, le renforcement de leurs capacit\u00e9s et l\u2019am\u00e9lioration de leur comp\u00e9titivit\u00e9.<\/p>\n<p>Offrant une m\u00e9thodologie novatrice pour redynamiser les industries cr\u00e9atives de la r\u00e9gion de\u00a0Marrakech\u00a0tout en garantissant des revenus aux artisans, l\u2019ONUDI a mis en \u0153uvre le projet \u00ab\u00a0Creative Mediterranean\u00a0\u00bb au Maroc afin d\u2019accro\u00eetre la comp\u00e9titivit\u00e9 des artisans le long de cha\u00eenes de valeur et ce, en adoptant une approche tir\u00e9e par le march\u00e9 et en renfor\u00e7ant de mani\u00e8re durable les capacit\u00e9s de cr\u00e9ation et de commercialisation des jeunes et des entreprises artisanales de la cit\u00e9 ocre.<\/p>\n<p>Labellis\u00e9 par l\u2019Union pour la M\u00e9diterran\u00e9e (UpM), ce projet a pour principaux objectifs d\u2019encourager la coop\u00e9ration entre les micro, petites et moyennes entreprises (MPME) dans le secteur de la cr\u00e9ation, \u00e0 travers la mise sur pied de clusters afin d\u2019accro\u00eetre leur comp\u00e9titivit\u00e9 \u00e9conomique, et d\u2019am\u00e9liorer l\u2019entrepreneuriat, l\u2019innovation, la conception de produits et les capacit\u00e9s de commercialisation des MPME dans le secteur de la cr\u00e9ation afin d\u2019acc\u00e9der \u00e0 de nouveaux march\u00e9s et de trouver de nouvelles opportunit\u00e9s \u00e9conomiques.<\/p>\n<p>Il vise \u00e9galement \u00e0 renforcer la capacit\u00e9 des institutions de soutien pour fournir des services de qualit\u00e9 aux MPME dans le secteur de la cr\u00e9ation et \u00e0 d\u00e9montrer le potentiel des clusters et des industries cr\u00e9atives en tant que moteur de la croissance \u00e9conomique et de la r\u00e9silience sociale dans la r\u00e9gion du sud de la M\u00e9diterran\u00e9e, la finalit\u00e9 \u00e9tant de renforcer la cr\u00e9ativit\u00e9 et la comp\u00e9titivit\u00e9 des artisans et PME membres de ces clusters, ainsi que l\u2019organisation, les strat\u00e9gies commerciales et l\u2019acc\u00e8s aux march\u00e9s de groupes d\u2019entreprises.<\/p>\n<p>Pour mettre en avant l\u2019importance du projet \u00ab\u00a0Creative Mediterranean\u00a0\u00bb et consolider la place du \u00ab\u00a0MCIC\u00a0\u00bb au niveau de la r\u00e9gion de\u00a0Marrakech-Safi, la cit\u00e9 ocre a abrit\u00e9 r\u00e9cemment la 1\u00e8re \u00e9dition du \u00ab\u00a0Hub\u2019Innov\u00a0\u00bb, une exposition in\u00e9dite d\u2019\u0153uvres d\u00e9coratives et innovantes.<\/p>\n<p>Ouverte aux professionnels et aux designers, cette exposition inaugur\u00e9e par la secr\u00e9taire d\u2019Etat charg\u00e9e de l\u2019Artisanat et de l\u2019Economie sociale, Jamila El Moussali, se voulait une opportunit\u00e9 idoine pour la promotion de la plate-forme cr\u00e9ative \u00ab\u00a0Marrakech\u00a0Creative Hub\u00a0\u00bb (MCH), nouveau-n\u00e9 du \u00ab\u00a0MCIC\u00a0\u00bb.<\/p>\n<p>Conjointement d\u00e9velopp\u00e9 par le Secr\u00e9tariat d\u2019Etat charge\u0301 de l\u2019Artisanat et de l\u2019Economie Sociale et l\u2019ONUDI, le MCH s\u2019assigne pour mission de remettre la cr\u00e9ativit\u00e9 au c\u0153ur de la strat\u00e9gie des acteurs du secteur, en cr\u00e9ant une plateforme physique de mise en relation des multiples intervenants et en assurant une large panoplie de services cr\u00e9atifs.<\/p>\n<p>Dans ce cadre, le grand designer italien Giulio Vinaccia, \u00e9galement designer du Projet \u00ab\u00a0Creative Mediterranean\u00a0\u00bb, a anim\u00e9, en juillet 2018 sous la direction de l\u2019ONUDI, plusieurs workshops en faveur des designers du \u00ab\u00a0Marrakech\u00a0Creative Interiors Cluster\u00a0\u00bb, en vue de d\u00e9velopper une gamme compl\u00e8te d\u2019int\u00e9rieurs, avec un r\u00e9sultat des plus impressionnants : une exposition exceptionnelle baptis\u00e9e \u00ab\u00a0Marrakech\u00a0MAP Collection\u00a0\u00bb pr\u00e9sent\u00e9e lors de ce 1er \u00ab\u00a0Hub\u2019Innov\u00a0\u00bb.<\/p>\n<p>Fruit d\u2019une aventure collective de nombre de cr\u00e9ateurs parmi les plus talentueux, membres du MCIC, qui ont uni leur savoir-faire et leur cr\u00e9ativit\u00e9, cette exposition a offert \u00e0 d\u00e9couvrir et \u00e0 appr\u00e9cier une gamme compl\u00e8te d\u2019int\u00e9rieurs, inspir\u00e9e directement de la m\u00e9dina de\u00a0Marrakech et refl\u00e9tant un patrimoine culturel et artisanal marocain d\u2019exception, doubl\u00e9 d\u2019une touche de modernit\u00e9.<\/p>\n<p>Cette 1\u00e8re \u00e9dition du \u00ab\u00a0Hub\u2019Innov\u00a0\u00bb a \u00e9galement permis de mettre en \u00e9vidence les cr\u00e9ations r\u00e9alis\u00e9es par de jeunes et \u00e9tudiants des fili\u00e8res d\u2019enseignement artisanales et cr\u00e9atives, issus de la r\u00e9gion de\u00a0Marrakech-Safi qui ont, gr\u00e2ce \u00e0 leur immense talent, pr\u00e9sent\u00e9 dans le cadre d\u2019un concours organis\u00e9 \u00e0 cette occasion, des objets design enti\u00e8rement inspir\u00e9s de l\u2019artisanat marocain authentique, ce qui traduit l\u2019int\u00e9r\u00eat particulier accord\u00e9 \u00e0 cette jeunesse en vue de l\u2019assister, de l\u2019encadrer et de l\u2019inciter \u00e0 mieux d\u00e9velopper et \u00e0 \u00e9largir son esprit et ses capacit\u00e9s de cr\u00e9ativit\u00e9 et d\u2019innovation dans le secteur tr\u00e8s porteur de l\u2019artisanat, dont les diff\u00e9rentes gammes de produits sont d\u2019une renomm\u00e9e mondiale indiscutable.<\/p>\n<p>C\u2019est pour dire que la cr\u00e9ation de clusters dans le domaine des industries culturelles et cr\u00e9atives, tels que le \u00ab\u00a0MCIC\u00a0\u00bb, permettront, sans nul doute, la valorisation des comp\u00e9tences des artisans locaux et l\u2019am\u00e9lioration en continu de leurs activit\u00e9s \u00e0 m\u00eame d\u2019acc\u00e9der \u00e0 de nouveaux march\u00e9s et de booster les ventes de leurs produits artisanaux alliant authenticit\u00e9 et modernit\u00e9, avec pour but ultime d\u2019am\u00e9liorer les conditions de vie de cette cat\u00e9gorie socioprofessionnelle et d\u2019\u00e9riger la cr\u00e9ativit\u00e9 et l\u2019innovation en une cl\u00e9 de r\u00e9silience socio-\u00e9conomique \u00e0 l\u2019\u00e9chelle de la r\u00e9gion de\u00a0Marrakech-Safi.<\/p>\n<p>Auteur: Mohammed KOURSI<br \/>\n<a href=\"http:\/\/www.mapmarrakech.ma\/fr\/le-mcic-ou-quand-linnovation-est-au-service-de-la-promotion-du-patrimoine\/\">Cliquez ici pour lire l&rsquo;article depuis sa source.<\/a><\/p>\n","protected":false},"excerpt":{"rendered":"<p>Dans ce sens, plusieurs projets et initiatives ont vu le jour au niveau de la r\u00e9gion, dans le cadre d\u2019une approche participative, avec pour objectif ultime de booster l\u2019\u00e9conomie des Petites et Moyennes Entreprises (PME), et d\u2019assurer un d\u00e9veloppement durable, inclusif et int\u00e9gr\u00e9 dans la r\u00e9gion, susceptible d\u2019am\u00e9liorer les conditions de vie des populations et [&hellip;]<\/p>\n","protected":false},"author":1788,"featured_media":0,"comment_status":"closed","ping_status":"closed","sticky":false,"template":"","format":"standard","meta":{"fifu_image_url":"","fifu_image_alt":"","footnotes":""},"categories":[54,76],"tags":[],"class_list":["post-47921","post","type-post","status-publish","format-standard","hentry","category-maroc","category-regions"],"_links":{"self":[{"href":"https:\/\/linitiative.ca\/International\/wp-json\/wp\/v2\/posts\/47921","targetHints":{"allow":["GET"]}}],"collection":[{"href":"https:\/\/linitiative.ca\/International\/wp-json\/wp\/v2\/posts"}],"about":[{"href":"https:\/\/linitiative.ca\/International\/wp-json\/wp\/v2\/types\/post"}],"author":[{"embeddable":true,"href":"https:\/\/linitiative.ca\/International\/wp-json\/wp\/v2\/users\/1788"}],"replies":[{"embeddable":true,"href":"https:\/\/linitiative.ca\/International\/wp-json\/wp\/v2\/comments?post=47921"}],"version-history":[{"count":0,"href":"https:\/\/linitiative.ca\/International\/wp-json\/wp\/v2\/posts\/47921\/revisions"}],"wp:attachment":[{"href":"https:\/\/linitiative.ca\/International\/wp-json\/wp\/v2\/media?parent=47921"}],"wp:term":[{"taxonomy":"category","embeddable":true,"href":"https:\/\/linitiative.ca\/International\/wp-json\/wp\/v2\/categories?post=47921"},{"taxonomy":"post_tag","embeddable":true,"href":"https:\/\/linitiative.ca\/International\/wp-json\/wp\/v2\/tags?post=47921"}],"curies":[{"name":"wp","href":"https:\/\/api.w.org\/{rel}","templated":true}]}}