{"id":47925,"date":"2019-07-22T14:36:51","date_gmt":"2019-07-22T18:36:51","guid":{"rendered":"https:\/\/linitiative.ca\/International\/atterrissage-a-constantine-dun-avion-reliant-el-oued-a-paris-les-precisions-dair-algerie\/"},"modified":"2019-07-22T14:36:51","modified_gmt":"2019-07-22T18:36:51","slug":"atterrissage-a-constantine-dun-avion-reliant-el-oued-a-paris-les-precisions-dair-algerie","status":"publish","type":"post","link":"https:\/\/linitiative.ca\/International\/atterrissage-a-constantine-dun-avion-reliant-el-oued-a-paris-les-precisions-dair-algerie\/","title":{"rendered":"Atterrissage \u00e0 Constantine d&rsquo;un avion reliant El Oued \u00e0 Paris: les pr\u00e9cisions d&rsquo;Air Alg\u00e9rie"},"content":{"rendered":"<div>\n<div class=\"K2FeedIntroText\">\n<p><strong>ALGER &#8211; Un avion d&rsquo;Air Alg\u00e9rie, devant assurer lundi la desserte El Oued-Paris, a atterri \u00e0 Constantine pour v\u00e9rification avant d&rsquo;\u00eatre remplac\u00e9 par un autre appareil qui s&rsquo;est charg\u00e9 de transporter les passagers \u00e0 leur destination finale, a pr\u00e9cis\u00e9 la compagnie nationale du transport a\u00e9rien.<\/strong><\/p>\n<\/div>\n<div class=\"K2FeedFullText\">\n<p>\u00ab\u00a0L&rsquo;appareil, un Boeing 600, a \u00e9t\u00e9 remplac\u00e9 par un autre avion et le vol El Oued-Paris, avec la totalit\u00e9 de ses passagers, a d\u00e9coll\u00e9 de l&rsquo;A\u00e9roport international de Constantine Mohamed-Boudiaf\u00a0\u00bb, a fait savoir Air Alg\u00e9rie, pr\u00e9cisant qu'\u00a0\u00bbil ne s&rsquo;agit pas d&rsquo;un cas d&rsquo;urgence mais d&rsquo;un Quick Return Flight (QRF)\u00a0\u00bb, une expression employ\u00e9e en a\u00e9ronautique pour d\u00e9signer un avion qui doit retourner au sol pour effectuer une v\u00e9rification technique, autrement dit une norme de s\u00e9curit\u00e9 dans l&rsquo;a\u00e9rien parfaitement ma\u00eetris\u00e9e.<\/p>\n<p>Selon la m\u00eame source, il est pr\u00e9f\u00e9rable d&rsquo;effectuer ce genre d&rsquo;op\u00e9ration (QRF) sur le sol alg\u00e9rien qu&rsquo;\u00e0 l&rsquo;\u00e9tranger car la diff\u00e9rence des co\u00fbts est tr\u00e8s importante.<\/p>\n<\/div>\n<\/div>\n<p>Auteur:<br \/>\n<a href=\"http:\/\/www.aps.dz\/regions\/92314-atterrissage-a-constantine-d-un-avion-reliant-el-oued-a-paris-les-precisions-d-air-algerie\">Cliquez ici pour lire l&rsquo;article depuis sa source.<\/a><\/p>\n","protected":false},"excerpt":{"rendered":"<p>ALGER &#8211; Un avion d&rsquo;Air Alg\u00e9rie, devant assurer lundi la desserte El Oued-Paris, a atterri \u00e0 Constantine pour v\u00e9rification avant d&rsquo;\u00eatre remplac\u00e9 par un autre appareil qui s&rsquo;est charg\u00e9 de transporter les passagers \u00e0 leur destination finale, a pr\u00e9cis\u00e9 la compagnie nationale du transport a\u00e9rien. \u00ab\u00a0L&rsquo;appareil, un Boeing 600, a \u00e9t\u00e9 remplac\u00e9 par un autre [&hellip;]<\/p>\n","protected":false},"author":1790,"featured_media":0,"comment_status":"closed","ping_status":"closed","sticky":false,"template":"","format":"standard","meta":{"fifu_image_url":"","fifu_image_alt":"","footnotes":""},"categories":[53,76],"tags":[],"class_list":["post-47925","post","type-post","status-publish","format-standard","hentry","category-algerie","category-regions"],"_links":{"self":[{"href":"https:\/\/linitiative.ca\/International\/wp-json\/wp\/v2\/posts\/47925","targetHints":{"allow":["GET"]}}],"collection":[{"href":"https:\/\/linitiative.ca\/International\/wp-json\/wp\/v2\/posts"}],"about":[{"href":"https:\/\/linitiative.ca\/International\/wp-json\/wp\/v2\/types\/post"}],"author":[{"embeddable":true,"href":"https:\/\/linitiative.ca\/International\/wp-json\/wp\/v2\/users\/1790"}],"replies":[{"embeddable":true,"href":"https:\/\/linitiative.ca\/International\/wp-json\/wp\/v2\/comments?post=47925"}],"version-history":[{"count":0,"href":"https:\/\/linitiative.ca\/International\/wp-json\/wp\/v2\/posts\/47925\/revisions"}],"wp:attachment":[{"href":"https:\/\/linitiative.ca\/International\/wp-json\/wp\/v2\/media?parent=47925"}],"wp:term":[{"taxonomy":"category","embeddable":true,"href":"https:\/\/linitiative.ca\/International\/wp-json\/wp\/v2\/categories?post=47925"},{"taxonomy":"post_tag","embeddable":true,"href":"https:\/\/linitiative.ca\/International\/wp-json\/wp\/v2\/tags?post=47925"}],"curies":[{"name":"wp","href":"https:\/\/api.w.org\/{rel}","templated":true}]}}