{"id":47931,"date":"2019-07-23T11:41:32","date_gmt":"2019-07-23T15:41:32","guid":{"rendered":"https:\/\/linitiative.ca\/International\/batna-la-production-dabricot-a-chute-de-pres-de-moitie-cette-saison\/"},"modified":"2019-07-23T11:41:32","modified_gmt":"2019-07-23T15:41:32","slug":"batna-la-production-dabricot-a-chute-de-pres-de-moitie-cette-saison","status":"publish","type":"post","link":"https:\/\/linitiative.ca\/International\/batna-la-production-dabricot-a-chute-de-pres-de-moitie-cette-saison\/","title":{"rendered":"Batna : la production d\u2019abricot a chut\u00e9 de pr\u00e8s de moiti\u00e9 cette saison"},"content":{"rendered":"<div>\n<div class=\"K2FeedIntroText\">\n<p><strong>\u00a0BATNA &#8211; La production d\u2019abricot de l\u2019actuelle saison agricole a enregistr\u00e9 une r\u00e9gression consid\u00e9rable estim\u00e9e \u00e0 pr\u00e8s de la moiti\u00e9 dans la wilaya de Batna, a indiqu\u00e9 mardi le directeur des services agricoles (DSA), Samir Hamza.<\/strong><\/p>\n<\/div>\n<div class=\"K2FeedFullText\">\n<p>La production obtenue \u00e0 ce jour sur 93% r\u00e9colt\u00e9s des 4.396 hectares de vergers r\u00e9serv\u00e9s \u00e0 cette arboriculture fruiti\u00e8re, a atteint 225.460 quintaux avec un rendement moyen \u00e0 l\u2019hectare entre 60 \u00e0 70 quintaux contre une r\u00e9colte de 450.000 quintaux la saison pr\u00e9c\u00e9dente un rendement moyen \u00e0 l\u2019hectare de 100 quintaux, a pr\u00e9cis\u00e9 le m\u00eame responsable.<\/p>\n<p>Les causes de ce recul sont le ph\u00e9nom\u00e8ne d\u2019alternance entre ann\u00e9e \u00e0 production excellente et ann\u00e9e moyenne ainsi que les gel\u00e9es et pr\u00e9cipitations de pluies enregistr\u00e9es durant la p\u00e9riode de floraison outre la baisse du niveau des eaux souterraines dans la r\u00e9gion de N\u2019gaous, a pr\u00e9cis\u00e9 le m\u00eame responsable.<\/p>\n<hr>\n<p><a href=\"http:\/\/www.aps.dz\/economie\/83325-la-production-arboricole-a-depasse-les-52-millions-de-quintaux-en-2018\">Lire aussi :\u00a0La production arboricole a d\u00e9pass\u00e9 les 52 millions de quintaux en 2018<\/a><\/p>\n<hr>\n<p>La r\u00e9colte pr\u00e9visionnelle d\u2019abricot pour cette saison avait \u00e9t\u00e9 estim\u00e9e \u00e0 259.254 quintaux, a indiqu\u00e9 le chef de service de la r\u00e9gulation de la production et soutien technique \u00e0 la DSA, Mohamed Nadhir Ch\u00e9rif. La surface r\u00e9serv\u00e9e \u00e0 la culture de l\u2019abricot \u00e0 N\u2019gaous a recul\u00e9 ces derni\u00e8res ann\u00e9es contre sa progression dans la da\u00efra voisine d\u2019Ouled Si Slimane, selon la m\u00eame source qui a not\u00e9 que la wilaya de Batna continue d\u2019occuper la premi\u00e8re place \u00e0 l\u2019\u00e9chelle nationale dans la fili\u00e8re de l\u2019arboriculture fruiti\u00e8re.<\/p>\n<\/div>\n<\/div>\n<p>Auteur:<br \/>\n<a href=\"http:\/\/www.aps.dz\/regions\/92355-batna-la-production-d-abricot-a-chute-de-pres-de-moitie-cette-saison\">Cliquez ici pour lire l&rsquo;article depuis sa source.<\/a><\/p>\n","protected":false},"excerpt":{"rendered":"<p>\u00a0BATNA &#8211; La production d\u2019abricot de l\u2019actuelle saison agricole a enregistr\u00e9 une r\u00e9gression consid\u00e9rable estim\u00e9e \u00e0 pr\u00e8s de la moiti\u00e9 dans la wilaya de Batna, a indiqu\u00e9 mardi le directeur des services agricoles (DSA), Samir Hamza. La production obtenue \u00e0 ce jour sur 93% r\u00e9colt\u00e9s des 4.396 hectares de vergers r\u00e9serv\u00e9s \u00e0 cette arboriculture fruiti\u00e8re, [&hellip;]<\/p>\n","protected":false},"author":1790,"featured_media":0,"comment_status":"closed","ping_status":"closed","sticky":false,"template":"","format":"standard","meta":{"fifu_image_url":"","fifu_image_alt":"","footnotes":""},"categories":[53,76],"tags":[],"class_list":["post-47931","post","type-post","status-publish","format-standard","hentry","category-algerie","category-regions"],"_links":{"self":[{"href":"https:\/\/linitiative.ca\/International\/wp-json\/wp\/v2\/posts\/47931","targetHints":{"allow":["GET"]}}],"collection":[{"href":"https:\/\/linitiative.ca\/International\/wp-json\/wp\/v2\/posts"}],"about":[{"href":"https:\/\/linitiative.ca\/International\/wp-json\/wp\/v2\/types\/post"}],"author":[{"embeddable":true,"href":"https:\/\/linitiative.ca\/International\/wp-json\/wp\/v2\/users\/1790"}],"replies":[{"embeddable":true,"href":"https:\/\/linitiative.ca\/International\/wp-json\/wp\/v2\/comments?post=47931"}],"version-history":[{"count":0,"href":"https:\/\/linitiative.ca\/International\/wp-json\/wp\/v2\/posts\/47931\/revisions"}],"wp:attachment":[{"href":"https:\/\/linitiative.ca\/International\/wp-json\/wp\/v2\/media?parent=47931"}],"wp:term":[{"taxonomy":"category","embeddable":true,"href":"https:\/\/linitiative.ca\/International\/wp-json\/wp\/v2\/categories?post=47931"},{"taxonomy":"post_tag","embeddable":true,"href":"https:\/\/linitiative.ca\/International\/wp-json\/wp\/v2\/tags?post=47931"}],"curies":[{"name":"wp","href":"https:\/\/api.w.org\/{rel}","templated":true}]}}