{"id":47939,"date":"2019-07-23T15:14:06","date_gmt":"2019-07-23T19:14:06","guid":{"rendered":"https:\/\/linitiative.ca\/International\/pros-al-shabab-tient-a-benlamri\/"},"modified":"2019-07-23T15:14:06","modified_gmt":"2019-07-23T19:14:06","slug":"pros-al-shabab-tient-a-benlamri","status":"publish","type":"post","link":"https:\/\/linitiative.ca\/International\/pros-al-shabab-tient-a-benlamri\/","title":{"rendered":"Pros : Al-Shabab tient \u00e0 Benlamri"},"content":{"rendered":"<div readability=\"32\">\n<p>Auteur : <span class=\"time\">mardi 23 juillet 2019 17:40<\/span><\/p>\n<\/div>\n<div id=\"post_core\" readability=\"41\">\n<p>A en croire certaines informations de la presse saoudienne, la direction d\u2019Al-Shabab n\u2019entend pas du tout se s\u00e9parer de son d\u00e9fenseur Alg\u00e9rien, Djamel Benlamri. Auteur d\u2019une grosse CAN avec les Verts, le joueur en question est encore sous contrat avec Al Shabab jusqu\u2019en 2022. Convoit\u00e9 par plusieurs clubs du Golf, le joueur Alg\u00e9rien ne devrait, toutefois, pas quitter Al-Shabab cette saison.<\/p>\n<p><strong>Publi\u00e9 dans :<\/strong> <span>Benlamri<\/span><\/p>\n<\/div>\n<p>Auteur:<br \/>\n<a href=\"http:\/\/www.lebuteur.com\/article\/detail?titre=al-shabab-tient-a-benlamri&#038;id=90620&#038;utm_source=feedburner&#038;utm_medium=feed&#038;utm_campaign=Feed%3A+GalerieFArtciles+%28Les+derniers+articles++-+lebuteur.com%29\">Cliquez ici pour lire l&rsquo;article depuis sa source.<\/a><\/p>\n","protected":false},"excerpt":{"rendered":"<p>Auteur : mardi 23 juillet 2019 17:40 A en croire certaines informations de la presse saoudienne, la direction d\u2019Al-Shabab n\u2019entend pas du tout se s\u00e9parer de son d\u00e9fenseur Alg\u00e9rien, Djamel Benlamri. Auteur d\u2019une grosse CAN avec les Verts, le joueur en question est encore sous contrat avec Al Shabab jusqu\u2019en 2022. Convoit\u00e9 par plusieurs clubs [&hellip;]<\/p>\n","protected":false},"author":1738,"featured_media":47940,"comment_status":"closed","ping_status":"closed","sticky":false,"template":"","format":"standard","meta":{"fifu_image_url":"","fifu_image_alt":"","footnotes":""},"categories":[53,75],"tags":[],"class_list":["post-47939","post","type-post","status-publish","format-standard","has-post-thumbnail","hentry","category-algerie","category-sport"],"_links":{"self":[{"href":"https:\/\/linitiative.ca\/International\/wp-json\/wp\/v2\/posts\/47939","targetHints":{"allow":["GET"]}}],"collection":[{"href":"https:\/\/linitiative.ca\/International\/wp-json\/wp\/v2\/posts"}],"about":[{"href":"https:\/\/linitiative.ca\/International\/wp-json\/wp\/v2\/types\/post"}],"author":[{"embeddable":true,"href":"https:\/\/linitiative.ca\/International\/wp-json\/wp\/v2\/users\/1738"}],"replies":[{"embeddable":true,"href":"https:\/\/linitiative.ca\/International\/wp-json\/wp\/v2\/comments?post=47939"}],"version-history":[{"count":0,"href":"https:\/\/linitiative.ca\/International\/wp-json\/wp\/v2\/posts\/47939\/revisions"}],"wp:featuredmedia":[{"embeddable":true,"href":"https:\/\/linitiative.ca\/International\/wp-json\/"}],"wp:attachment":[{"href":"https:\/\/linitiative.ca\/International\/wp-json\/wp\/v2\/media?parent=47939"}],"wp:term":[{"taxonomy":"category","embeddable":true,"href":"https:\/\/linitiative.ca\/International\/wp-json\/wp\/v2\/categories?post=47939"},{"taxonomy":"post_tag","embeddable":true,"href":"https:\/\/linitiative.ca\/International\/wp-json\/wp\/v2\/tags?post=47939"}],"curies":[{"name":"wp","href":"https:\/\/api.w.org\/{rel}","templated":true}]}}