{"id":47943,"date":"2019-07-23T15:14:09","date_gmt":"2019-07-23T19:14:09","guid":{"rendered":"https:\/\/linitiative.ca\/International\/pros-ce-club-qui-serait-pret-a-mettre-12-millions-deuros-pour-soffrir-belaili\/"},"modified":"2019-07-23T15:14:09","modified_gmt":"2019-07-23T19:14:09","slug":"pros-ce-club-qui-serait-pret-a-mettre-12-millions-deuros-pour-soffrir-belaili","status":"publish","type":"post","link":"https:\/\/linitiative.ca\/International\/pros-ce-club-qui-serait-pret-a-mettre-12-millions-deuros-pour-soffrir-belaili\/","title":{"rendered":"Pros : Ce club qui serait pr\u00eat \u00e0 mettre 12 millions d\u2019euros pour s\u2019offrir Belaili"},"content":{"rendered":"<div readability=\"32\">\n<p>Auteur : <span class=\"time\">mardi 23 juillet 2019 17:42<\/span><\/p>\n<\/div>\n<div id=\"post_core\" readability=\"42\">\n<p>Une fois la CAN termin\u00e9e, et alors qu\u2019il a affich\u00e9\u00a0des prestations hors normes lors de cette CAN, l\u2019on commence d\u00e9sormais \u00e0 \u00e9voquer avec insistance l\u2019avenir de Youcef Belaili. Ce dernier, qui s\u2019\u00e9tait illustr\u00e9 de forte belle mani\u00e8re que se soit avec l\u2019ES Tunis ou bien avec la s\u00e9lection nationale, pourrait voir son avenir s\u2019inscrire loin de la capitale tunisienne. Annonc\u00e9 sur le d\u00e9part depuis plusieurs semaines, Youssef Belaili rejoindra l\u2019\u00e9quipe d\u2019Al Sadd. C\u2019est ce qu\u2019a affirm\u00e9 la chaine TV sportive Al Kaas. Le montant du transfert avoisinerait les 12 millions d\u2019euros. \u00a0C\u2019est d\u2019ailleurs cette somme que le club Qatari compte mettre sur la table pour s\u2019attacher les services de Belaili. Fraichement sacr\u00e9 champion d\u2019Afrique avec l\u2019EN, Belaili est sous contrat avec l\u2019Esp\u00e9rance de Tunis jusqu\u2019au mois de juin 2020. S\u2019il venait \u00e0 rejoindre Al Sadd, Belaili retrouvera son ami Bounedjah qui devrait poursuivre l\u2019aventure au Qatar la saison prochaine.<\/p>\n<p><strong>Publi\u00e9 dans :<\/strong> <span>Bela\u00efli<\/span><\/p>\n<\/div>\n<p>Auteur:<br \/>\n<a href=\"http:\/\/www.lebuteur.com\/article\/detail?titre=ce-club-qui-serait-pret-a-mettre-12-millions-deuros-pour-soffrir-belaili&#038;id=90624&#038;utm_source=feedburner&#038;utm_medium=feed&#038;utm_campaign=Feed%3A+GalerieFArtciles+%28Les+derniers+articles++-+lebuteur.com%29\">Cliquez ici pour lire l&rsquo;article depuis sa source.<\/a><\/p>\n","protected":false},"excerpt":{"rendered":"<p>Auteur : mardi 23 juillet 2019 17:42 Une fois la CAN termin\u00e9e, et alors qu\u2019il a affich\u00e9\u00a0des prestations hors normes lors de cette CAN, l\u2019on commence d\u00e9sormais \u00e0 \u00e9voquer avec insistance l\u2019avenir de Youcef Belaili. Ce dernier, qui s\u2019\u00e9tait illustr\u00e9 de forte belle mani\u00e8re que se soit avec l\u2019ES Tunis ou bien avec la s\u00e9lection [&hellip;]<\/p>\n","protected":false},"author":1738,"featured_media":47944,"comment_status":"closed","ping_status":"closed","sticky":false,"template":"","format":"standard","meta":{"fifu_image_url":"","fifu_image_alt":"","footnotes":""},"categories":[53,75],"tags":[],"class_list":["post-47943","post","type-post","status-publish","format-standard","has-post-thumbnail","hentry","category-algerie","category-sport"],"_links":{"self":[{"href":"https:\/\/linitiative.ca\/International\/wp-json\/wp\/v2\/posts\/47943","targetHints":{"allow":["GET"]}}],"collection":[{"href":"https:\/\/linitiative.ca\/International\/wp-json\/wp\/v2\/posts"}],"about":[{"href":"https:\/\/linitiative.ca\/International\/wp-json\/wp\/v2\/types\/post"}],"author":[{"embeddable":true,"href":"https:\/\/linitiative.ca\/International\/wp-json\/wp\/v2\/users\/1738"}],"replies":[{"embeddable":true,"href":"https:\/\/linitiative.ca\/International\/wp-json\/wp\/v2\/comments?post=47943"}],"version-history":[{"count":0,"href":"https:\/\/linitiative.ca\/International\/wp-json\/wp\/v2\/posts\/47943\/revisions"}],"wp:featuredmedia":[{"embeddable":true,"href":"https:\/\/linitiative.ca\/International\/wp-json\/"}],"wp:attachment":[{"href":"https:\/\/linitiative.ca\/International\/wp-json\/wp\/v2\/media?parent=47943"}],"wp:term":[{"taxonomy":"category","embeddable":true,"href":"https:\/\/linitiative.ca\/International\/wp-json\/wp\/v2\/categories?post=47943"},{"taxonomy":"post_tag","embeddable":true,"href":"https:\/\/linitiative.ca\/International\/wp-json\/wp\/v2\/tags?post=47943"}],"curies":[{"name":"wp","href":"https:\/\/api.w.org\/{rel}","templated":true}]}}