{"id":47945,"date":"2019-07-23T15:14:10","date_gmt":"2019-07-23T19:14:10","guid":{"rendered":"https:\/\/linitiative.ca\/International\/pros-tahrat-annonce-sur-le-depart\/"},"modified":"2019-07-23T15:14:10","modified_gmt":"2019-07-23T19:14:10","slug":"pros-tahrat-annonce-sur-le-depart","status":"publish","type":"post","link":"https:\/\/linitiative.ca\/International\/pros-tahrat-annonce-sur-le-depart\/","title":{"rendered":"Pros : Tahrat annonc\u00e9 sur le d\u00e9part"},"content":{"rendered":"<div readability=\"32\">\n<p>Auteur : <span class=\"time\">mardi 23 juillet 2019 17:42<\/span><\/p>\n<\/div>\n<div id=\"post_core\" readability=\"40\">\n<p>Le d\u00e9fenseur central de l\u2019EN, Mehdi Tahrat pourrait changer de club cet \u00e9t\u00e9. Tr\u00e8s sollicit\u00e9 sur le march\u00e9 des transferts, le joueur du RC Lens pourrait quitter les Sang et Or pour aller tenter une nouvelle exp\u00e9rience ailleurs. Selon le site, But Football Club, Tahrat aurait des touches dans le Golfe. Victime d\u2019une grave blessure qui l\u2019avait \u00e9loign\u00e9 des terrains pendant de long mois la saison derni\u00e8re, Tahrat \u00e9tait revenu \u00e0 temps pour disputer les play-offs avec le RC Lens avant de participer \u00e0 la CAN.<\/p>\n<p><strong>Publi\u00e9 dans :<\/strong> <span>Tahrat<\/span><\/p>\n<\/div>\n<p>Auteur:<br \/>\n<a href=\"http:\/\/www.lebuteur.com\/article\/detail?titre=tahrat-annonce-sur-le-depart&#038;id=90623&#038;utm_source=feedburner&#038;utm_medium=feed&#038;utm_campaign=Feed%3A+GalerieFArtciles+%28Les+derniers+articles++-+lebuteur.com%29\">Cliquez ici pour lire l&rsquo;article depuis sa source.<\/a><\/p>\n","protected":false},"excerpt":{"rendered":"<p>Auteur : mardi 23 juillet 2019 17:42 Le d\u00e9fenseur central de l\u2019EN, Mehdi Tahrat pourrait changer de club cet \u00e9t\u00e9. Tr\u00e8s sollicit\u00e9 sur le march\u00e9 des transferts, le joueur du RC Lens pourrait quitter les Sang et Or pour aller tenter une nouvelle exp\u00e9rience ailleurs. Selon le site, But Football Club, Tahrat aurait des touches [&hellip;]<\/p>\n","protected":false},"author":1738,"featured_media":47946,"comment_status":"closed","ping_status":"closed","sticky":false,"template":"","format":"standard","meta":{"fifu_image_url":"","fifu_image_alt":"","footnotes":""},"categories":[53,75],"tags":[],"class_list":["post-47945","post","type-post","status-publish","format-standard","has-post-thumbnail","hentry","category-algerie","category-sport"],"_links":{"self":[{"href":"https:\/\/linitiative.ca\/International\/wp-json\/wp\/v2\/posts\/47945","targetHints":{"allow":["GET"]}}],"collection":[{"href":"https:\/\/linitiative.ca\/International\/wp-json\/wp\/v2\/posts"}],"about":[{"href":"https:\/\/linitiative.ca\/International\/wp-json\/wp\/v2\/types\/post"}],"author":[{"embeddable":true,"href":"https:\/\/linitiative.ca\/International\/wp-json\/wp\/v2\/users\/1738"}],"replies":[{"embeddable":true,"href":"https:\/\/linitiative.ca\/International\/wp-json\/wp\/v2\/comments?post=47945"}],"version-history":[{"count":0,"href":"https:\/\/linitiative.ca\/International\/wp-json\/wp\/v2\/posts\/47945\/revisions"}],"wp:featuredmedia":[{"embeddable":true,"href":"https:\/\/linitiative.ca\/International\/wp-json\/"}],"wp:attachment":[{"href":"https:\/\/linitiative.ca\/International\/wp-json\/wp\/v2\/media?parent=47945"}],"wp:term":[{"taxonomy":"category","embeddable":true,"href":"https:\/\/linitiative.ca\/International\/wp-json\/wp\/v2\/categories?post=47945"},{"taxonomy":"post_tag","embeddable":true,"href":"https:\/\/linitiative.ca\/International\/wp-json\/wp\/v2\/tags?post=47945"}],"curies":[{"name":"wp","href":"https:\/\/api.w.org\/{rel}","templated":true}]}}