{"id":47947,"date":"2019-07-23T15:14:11","date_gmt":"2019-07-23T19:14:11","guid":{"rendered":"https:\/\/linitiative.ca\/International\/equipe-dalgerie-pele-felicite-les-verts\/"},"modified":"2019-07-23T15:14:11","modified_gmt":"2019-07-23T19:14:11","slug":"equipe-dalgerie-pele-felicite-les-verts","status":"publish","type":"post","link":"https:\/\/linitiative.ca\/International\/equipe-dalgerie-pele-felicite-les-verts\/","title":{"rendered":"Equipe d&rsquo;Alg\u00e9rie : Pel\u00e9 f\u00e9licite les Verts"},"content":{"rendered":"<div readability=\"32\">\n<p>Auteur : <span class=\"time\">mardi 23 juillet 2019 17:50<\/span><\/p>\n<\/div>\n<div id=\"post_core\" readability=\"37\">\n<p>Les joueurs de l\u2019EN ont eu droit aux f\u00e9licitations de la l\u00e9gende du football mondial, Edson Arantes do Nascimento plus connu sous le nom de \u00abPel\u00e9\u00bb. Ce dernier a d\u00e9clar\u00e9 dans les colonnes d\u2019Afrique sport\u00a0:\u00a0\u00abToutes mes f\u00e9licitations \u00e0 l\u2019Alg\u00e9rie pour cette victoire. Cette \u00e9quipe le m\u00e9rite amplement, elle a \u00e9t\u00e9 constante tout le long du tournoi.\u00a0 Je suis vraiment heureux pour les joueurs. Ils doivent profiter de ce moment car ce n\u2019est pas tous les jours que l\u2019on remporte un titre d\u2019envergure avec sa s\u00e9lection nationale.\u00bb<\/p>\n<p><strong>Publi\u00e9 dans :<\/strong> <span>Pel\u00e9<\/span><\/p>\n<\/div>\n<p>Auteur:<br \/>\n<a href=\"http:\/\/www.lebuteur.com\/article\/detail?titre=pele-felicite-les-verts&#038;id=90625&#038;utm_source=feedburner&#038;utm_medium=feed&#038;utm_campaign=Feed%3A+GalerieFArtciles+%28Les+derniers+articles++-+lebuteur.com%29\">Cliquez ici pour lire l&rsquo;article depuis sa source.<\/a><\/p>\n","protected":false},"excerpt":{"rendered":"<p>Auteur : mardi 23 juillet 2019 17:50 Les joueurs de l\u2019EN ont eu droit aux f\u00e9licitations de la l\u00e9gende du football mondial, Edson Arantes do Nascimento plus connu sous le nom de \u00abPel\u00e9\u00bb. Ce dernier a d\u00e9clar\u00e9 dans les colonnes d\u2019Afrique sport\u00a0:\u00a0\u00abToutes mes f\u00e9licitations \u00e0 l\u2019Alg\u00e9rie pour cette victoire. Cette \u00e9quipe le m\u00e9rite amplement, elle [&hellip;]<\/p>\n","protected":false},"author":1738,"featured_media":47948,"comment_status":"closed","ping_status":"closed","sticky":false,"template":"","format":"standard","meta":{"fifu_image_url":"","fifu_image_alt":"","footnotes":""},"categories":[53,75],"tags":[],"class_list":["post-47947","post","type-post","status-publish","format-standard","has-post-thumbnail","hentry","category-algerie","category-sport"],"_links":{"self":[{"href":"https:\/\/linitiative.ca\/International\/wp-json\/wp\/v2\/posts\/47947","targetHints":{"allow":["GET"]}}],"collection":[{"href":"https:\/\/linitiative.ca\/International\/wp-json\/wp\/v2\/posts"}],"about":[{"href":"https:\/\/linitiative.ca\/International\/wp-json\/wp\/v2\/types\/post"}],"author":[{"embeddable":true,"href":"https:\/\/linitiative.ca\/International\/wp-json\/wp\/v2\/users\/1738"}],"replies":[{"embeddable":true,"href":"https:\/\/linitiative.ca\/International\/wp-json\/wp\/v2\/comments?post=47947"}],"version-history":[{"count":0,"href":"https:\/\/linitiative.ca\/International\/wp-json\/wp\/v2\/posts\/47947\/revisions"}],"wp:featuredmedia":[{"embeddable":true,"href":"https:\/\/linitiative.ca\/International\/wp-json\/"}],"wp:attachment":[{"href":"https:\/\/linitiative.ca\/International\/wp-json\/wp\/v2\/media?parent=47947"}],"wp:term":[{"taxonomy":"category","embeddable":true,"href":"https:\/\/linitiative.ca\/International\/wp-json\/wp\/v2\/categories?post=47947"},{"taxonomy":"post_tag","embeddable":true,"href":"https:\/\/linitiative.ca\/International\/wp-json\/wp\/v2\/tags?post=47947"}],"curies":[{"name":"wp","href":"https:\/\/api.w.org\/{rel}","templated":true}]}}