{"id":47949,"date":"2019-07-23T15:14:12","date_gmt":"2019-07-23T19:14:12","guid":{"rendered":"https:\/\/linitiative.ca\/International\/ligue-1-2-mca-mebarakou-signe-pour-2-ans\/"},"modified":"2019-07-23T15:14:12","modified_gmt":"2019-07-23T19:14:12","slug":"ligue-1-2-mca-mebarakou-signe-pour-2-ans","status":"publish","type":"post","link":"https:\/\/linitiative.ca\/International\/ligue-1-2-mca-mebarakou-signe-pour-2-ans\/","title":{"rendered":"Ligue 1 &amp; 2 : MCA : Mebarakou signe pour 2 ans !"},"content":{"rendered":"<div readability=\"32\">\n<p>Auteur : <span>T. Che<\/span> <span class=\"time\">mardi 23 juillet 2019 19:35<\/span><\/p>\n<\/div>\n<div id=\"post_core\" readability=\"61\">\n<p>C\u2019\u00e9tait dans l\u2019air. Zidane Mebarakou a act\u00e9 hier son retour au Mouloudia, six mois apr\u00e8s avoir quitt\u00e9 le club. Le d\u00e9fenseur central a sign\u00e9 un bail de 2 ans au profit du Mouloudia en pr\u00e9sence de Fouad Sakhri, le directeur g\u00e9n\u00e9ral.<br \/>Zizou portera le num\u00e9ro 5 qui \u00e9tait celui de Mokdad<br \/>Zidane Mebarakou portera la saison prochaine le num\u00e9ro 5 qui \u00e9tait celui de Mokdad. Depuis le d\u00e9part du joueur, personne n\u2019a port\u00e9 ce num\u00e9ro qui sera d\u00e9sormais celui de Mebarakou.<br \/><strong>Il s\u2019envolera aujourd\u2019hui \u00e0 minuit vers la Pologne<\/strong><br \/>C\u2019est donc aujourd\u2019hui \u00e0 minuit que Zidane Mebarakou devrait s\u2019envoler \u00e0 destination de la Pologne, afin d\u2019entamer le boulot avec le groupe dans la bourgade de Lubin.<\/p>\n<p><strong>Mebarakou : \u00abTr\u00e8s content de revenir \u00e0 la maison avec l\u2019envie de gagner un titre \u00bb<\/strong><br \/>Tr\u00e8s heureux de revenir \u00e0 la maison, Zidane Mebarakou ne cache pas son d\u00e9sir de gagner un titre la saison prochaine avec les Vert et Rouge :<br \/>\u00abJe suis content de revenir \u00e0 la maison. C\u2019\u00e9tait logique car j\u2019aime ce club et les fans m\u2019aiment beaucoup. J\u2019ai gard\u00e9 ma place propre et voil\u00e0 que je reviens au bercail avec l\u2019envie de gagner un titre avec l\u2019\u00e9quipe.\u00bb<\/p>\n<p><strong>\u00abMalgr\u00e9 les nombreuses offres des pays du Golfe j\u2019ai opt\u00e9 pour le Mouloudia\u00bb<\/strong><br \/>Zizou a fait passer son amour pour le club au-dessus de l\u2019int\u00e9r\u00eat financier alors que des clubs des pays du Golfe lui faisaient les yeux doux. \u00abMalgr\u00e9 les nombreuses offres et propositions des pays du Golfe, j\u2019ai opt\u00e9 pour le Mouloudia car je me sens bien dans ce grand club. Je n\u2019ai pas oubli\u00e9 la r\u00e9ception qui a \u00e9t\u00e9 faite en mon honneur au moment de partir en Arabie Saoudite.\u00bb<\/p>\n<p><strong>\u00abJe n\u2019aurai aucun probl\u00e8me sur le plan physique car je me suis entra\u00een\u00e9 dix jours avec Al Wahda\u00bb<\/strong><br \/>A propos de son retard au niveau de la pr\u00e9paration, Mebarakou ne semble nullement inquiet. \u00abJe n\u2019aurai aucun probl\u00e8me sur le plan physique car je me suis entra\u00een\u00e9 dix jours avec Al Wahda. Et lors des deux derniers jours, je me suis entrain\u00e9 \u00e0 B\u00e9jaia. Je n\u2019aurai aucun probl\u00e8me pour m\u2019int\u00e9grer dans le groupe. Je vais m\u2019envoler ce mardi pour rejoindre l\u2019\u00e9quipe en Pologne\u00bb, nous a confi\u00e9 Zizou.<br \/>\u00a0<\/p>\n<p><strong>Publi\u00e9 dans :<\/strong> <span>mca<\/span> <span>Mebarakou<\/span> <span>Al Wahda<\/span> <span>Fouad Sakhri<\/span><\/p>\n<\/div>\n<p>Auteur:<br \/>\n<a href=\"http:\/\/www.lebuteur.com\/article\/detail?titre=mca-mebarakou-signe-pour-2-ans&#038;id=90626&#038;utm_source=feedburner&#038;utm_medium=feed&#038;utm_campaign=Feed%3A+GalerieFArtciles+%28Les+derniers+articles++-+lebuteur.com%29\">Cliquez ici pour lire l&rsquo;article depuis sa source.<\/a><\/p>\n","protected":false},"excerpt":{"rendered":"<p>Auteur : T. Che mardi 23 juillet 2019 19:35 C\u2019\u00e9tait dans l\u2019air. Zidane Mebarakou a act\u00e9 hier son retour au Mouloudia, six mois apr\u00e8s avoir quitt\u00e9 le club. Le d\u00e9fenseur central a sign\u00e9 un bail de 2 ans au profit du Mouloudia en pr\u00e9sence de Fouad Sakhri, le directeur g\u00e9n\u00e9ral.Zizou portera le num\u00e9ro 5 qui [&hellip;]<\/p>\n","protected":false},"author":1738,"featured_media":47950,"comment_status":"closed","ping_status":"closed","sticky":false,"template":"","format":"standard","meta":{"fifu_image_url":"","fifu_image_alt":"","footnotes":""},"categories":[53,75],"tags":[],"class_list":["post-47949","post","type-post","status-publish","format-standard","has-post-thumbnail","hentry","category-algerie","category-sport"],"_links":{"self":[{"href":"https:\/\/linitiative.ca\/International\/wp-json\/wp\/v2\/posts\/47949","targetHints":{"allow":["GET"]}}],"collection":[{"href":"https:\/\/linitiative.ca\/International\/wp-json\/wp\/v2\/posts"}],"about":[{"href":"https:\/\/linitiative.ca\/International\/wp-json\/wp\/v2\/types\/post"}],"author":[{"embeddable":true,"href":"https:\/\/linitiative.ca\/International\/wp-json\/wp\/v2\/users\/1738"}],"replies":[{"embeddable":true,"href":"https:\/\/linitiative.ca\/International\/wp-json\/wp\/v2\/comments?post=47949"}],"version-history":[{"count":0,"href":"https:\/\/linitiative.ca\/International\/wp-json\/wp\/v2\/posts\/47949\/revisions"}],"wp:featuredmedia":[{"embeddable":true,"href":"https:\/\/linitiative.ca\/International\/wp-json\/"}],"wp:attachment":[{"href":"https:\/\/linitiative.ca\/International\/wp-json\/wp\/v2\/media?parent=47949"}],"wp:term":[{"taxonomy":"category","embeddable":true,"href":"https:\/\/linitiative.ca\/International\/wp-json\/wp\/v2\/categories?post=47949"},{"taxonomy":"post_tag","embeddable":true,"href":"https:\/\/linitiative.ca\/International\/wp-json\/wp\/v2\/tags?post=47949"}],"curies":[{"name":"wp","href":"https:\/\/api.w.org\/{rel}","templated":true}]}}