{"id":47951,"date":"2019-07-23T15:14:14","date_gmt":"2019-07-23T19:14:14","guid":{"rendered":"https:\/\/linitiative.ca\/International\/ligue-1-2-mca-ouartani-je-suis-venu-au-mouloudia-pour-mimposer\/"},"modified":"2019-07-23T15:14:14","modified_gmt":"2019-07-23T19:14:14","slug":"ligue-1-2-mca-ouartani-je-suis-venu-au-mouloudia-pour-mimposer","status":"publish","type":"post","link":"https:\/\/linitiative.ca\/International\/ligue-1-2-mca-ouartani-je-suis-venu-au-mouloudia-pour-mimposer\/","title":{"rendered":"Ligue 1 &amp; 2 : MCA : Ouartani : \u00abJe suis venu au Mouloudia pour m\u2019imposer\u00bb"},"content":{"rendered":"<div readability=\"32\">\n<p>Auteur : <span>K.M.<\/span> <span class=\"time\">mardi 23 juillet 2019 19:37<\/span><\/p>\n<\/div>\n<div id=\"post_core\" readability=\"60\">\n<p>La derni\u00e8re trouvaille mouloud\u00e9enne, Ouartani, parle de sa venue au club et de ce stage en Pologne qui lui permettra de combler son retard. Le joueur \u00e9migr\u00e9 entend bien briller cette fois\u00a0 sous le maillot du Doyen apr\u00e8s avoir \u00e9t\u00e9 performant avec les Sang et Or mais sans \u00eatre r\u00e9compens\u00e9 par un troph\u00e9e ou un sacre.<\/p>\n<p><strong>On vous annonce depuis un bon moment au Mouloudia mais on disait que vous \u00e9tiez sous contrat avec le NAHD d\u2019o\u00f9 ce retard dans la mat\u00e9rialisation de ce transfert\u2026<\/strong><br \/>C\u2019est vrai mais je tiens \u00e0 pr\u00e9ciser que j\u2019\u00e9tais libre de tout engagement. Lorsque j\u2019avais prolong\u00e9 au profit du NAHD, j\u2019avais sign\u00e9 pour une saison seulement. Certes, sur le site de la Ligue on pouvait lire que j\u2019\u00e9tais sous contrat. Mais je savais que ce n\u2019\u00e9tait pas vrai et que j\u2019\u00e9tais libre de tout contrat. Ce qui m\u2019offrait le choix de choisir ma future destination sans que je sois soumis \u00e0 lib\u00e9ration. \u00a0<br \/><strong>Apr\u00e8s avoir r\u00e9alis\u00e9 une belle saison qu\u2019est-ce qui a motiv\u00e9 votre choix et cette d\u00e9cision de rejoindre les rangs du Mouloudia ?<\/strong><br \/>C\u2019est vrai que j\u2019ai pass\u00e9 deux saisons et demie au NAHD. Elles \u00e9taient magnifiques. Je me suis bien int\u00e9gr\u00e9 dans cette \u00e9quipe et j\u2019ai r\u00e9alis\u00e9 une saison de bonne facture, l\u2019ann\u00e9e derni\u00e8re m\u00eame si on n\u2019a pas bien termin\u00e9 l\u2019exercice. J\u2019ai disput\u00e9 trente-cinq matches en terminant sur une bonne note. Mais voil\u00e0, le Mouloudia, c\u2019est un nouveau challenge pour moi. D\u00e8s que j\u2019ai su que le Mouloudia s\u2019int\u00e9ressait \u00e0 moi, \u00e7a m\u2019a donn\u00e9 l\u2019envie de venir tout de suite et sans la moindre h\u00e9sitation.<br \/><strong>Vous avez jou\u00e9 et marqu\u00e9 m\u00eame contre le Mouloudia dans un stade plein \u00e0 craquer. \u00c7a doit \u00eatre tr\u00e8s motivant de porter les couleurs d\u2019un club aussi populaire\u2026<\/strong><br \/>Un footballeur joue et veut se produire devant des milliers de supporters et dans un stade plein. Les fans du Mouloudia ne sont plus \u00e0 pr\u00e9senter, c\u2019est le douzi\u00e8me homme sur le terrain. C\u2019est vraiment tr\u00e8s motivant et excitant de jouer pour ce grand club et pour ce public en or.<br \/><strong>Concernant l\u2019adaptation vous n\u2019\u00eates pas du tout d\u00e9pays\u00e9 avec Brahimi, Allati et Harrag qui ont eux aussi rejoints les rangs du Doyen\u2026<\/strong><br \/>Mais sans \u00e7a, je connaissais pas mal de joueurs et il y a mes potes du NAHD qui sont avec moi. C\u2019est fabuleux de jouer ensemble sous la banni\u00e8re du Mouloudia.<br \/><strong>Apr\u00e8s le d\u00e9part de Dieng et Amada, vous avez \u00e9t\u00e9 recrut\u00e9 pour \u00e9voluer dans le m\u00eame registre que les deux milieux de terrain africains qui ont marqu\u00e9 de leur empreinte leur passage au club\u2026<\/strong><br \/>Amada et Dieng\u00a0 sont deux excellents joueurs qui vont laisser un grand vide au Mouloudia. Ce sont deux \u00e9l\u00e9ments qui sont aussi tr\u00e8s aim\u00e9s par les Chnaoua. Mais voil\u00e0, il y a de bonnes recrues et moi je vais tout faire pour apporter un plus \u00e0 l\u2019\u00e9quipe. Mais le plus important, c\u2019est de mouiller le maillot \u00e0 chacune de mes apparitions. \u00c7a a \u00e9t\u00e9 toujours ma marque de fabrique et ma philosophie.<br \/><strong>Vous allez d\u00e9buter votre pr\u00e9paration avec un l\u00e9ger retard par rapport \u00e0 vos nouveaux partenaires. Est-ce que cette situation vous inqui\u00e8te ?<\/strong><br \/>Ecoutez, certes, j\u2019accuse un retard par rapport au groupe. Mais il faut savoir aussi que je ne me suis pas trop arr\u00eat\u00e9. Je me suis entra\u00een\u00e9 seul \u00e0 Marseille durant les vacances. Maintenant, je ne suis pas inquiet car je sais que je vais rattraper mon retard en me donnant \u00e0 fond et en redoublant d\u2019effort.\u00a0\u00a0\u00a0\u00a0 \u00a0<br \/><strong>Un mot sur le coach Casoni avec lequel vous avez eu une discussion apr\u00e8s votre arriv\u00e9e en Pologne pour entamer la pr\u00e9paration ?<\/strong><br \/>Mais Casoni n\u2019est plus \u00e0 pr\u00e9senter. Il a gagn\u00e9 la Ligue des champions avec l\u2019OM. Il est connu en France et partout dans le monde. Il y a aussi Hakim Malek qui est quelqu\u2019un de tr\u00e8s comp\u00e9tent. J\u2019ai discut\u00e9 avec eux et tout s\u2019est bien pass\u00e9. J\u2019ai d\u00e9j\u00e0 eu un contact avec eux la saison derni\u00e8re lorsque j\u2019\u00e9tais en fin de contrat mais cela n\u2019avait pas pu se faire. Le Maktoub a voulu que je vienne maintenant au Mouloudia. Je ferai tout pour me montrer \u00e0 la hauteur de cette confiance plac\u00e9e en moi par le staff technique et les dirigeants. Je vais tout mettre en \u0153uvre afin de rendre heureux les supporters du Mouloudia qui attendent beaucoup de leur \u00e9quipe.<br \/><strong>Vous \u00eates donc conscient\u00a0 qu\u2019on attend beaucoup de vous apr\u00e8s avoir brill\u00e9 sous le maillot du NAHD\u2026<\/strong><br \/>Mais je sais qu\u2019on attend beaucoup de nous tous. Les supporters du Mouloudia sont partout. A nous de tout mettre en \u0153uvre afin de d\u00e9fendre au mieux les couleurs de ce club mythique. Personnellement, je me donnerai \u00e0 fond pour ne pas d\u00e9cevoir.<br \/>\u00a0<\/p>\n<p><strong>Publi\u00e9 dans :<\/strong> <span>Brahimi<\/span> <span>Ouartani<\/span> <span>Dieng et Amada<\/span> <span>Allati et Harrag<\/span><\/p>\n<\/div>\n<p>Auteur:<br \/>\n<a href=\"http:\/\/www.lebuteur.com\/article\/detail?titre=mca-ouartani-je-suis-venu-au-mouloudia-pour-mimposer&#038;id=90627&#038;utm_source=feedburner&#038;utm_medium=feed&#038;utm_campaign=Feed%3A+GalerieFArtciles+%28Les+derniers+articles++-+lebuteur.com%29\">Cliquez ici pour lire l&rsquo;article depuis sa source.<\/a><\/p>\n","protected":false},"excerpt":{"rendered":"<p>Auteur : K.M. mardi 23 juillet 2019 19:37 La derni\u00e8re trouvaille mouloud\u00e9enne, Ouartani, parle de sa venue au club et de ce stage en Pologne qui lui permettra de combler son retard. Le joueur \u00e9migr\u00e9 entend bien briller cette fois\u00a0 sous le maillot du Doyen apr\u00e8s avoir \u00e9t\u00e9 performant avec les Sang et Or mais [&hellip;]<\/p>\n","protected":false},"author":1738,"featured_media":47952,"comment_status":"closed","ping_status":"closed","sticky":false,"template":"","format":"standard","meta":{"fifu_image_url":"","fifu_image_alt":"","footnotes":""},"categories":[53,75],"tags":[],"class_list":["post-47951","post","type-post","status-publish","format-standard","has-post-thumbnail","hentry","category-algerie","category-sport"],"_links":{"self":[{"href":"https:\/\/linitiative.ca\/International\/wp-json\/wp\/v2\/posts\/47951","targetHints":{"allow":["GET"]}}],"collection":[{"href":"https:\/\/linitiative.ca\/International\/wp-json\/wp\/v2\/posts"}],"about":[{"href":"https:\/\/linitiative.ca\/International\/wp-json\/wp\/v2\/types\/post"}],"author":[{"embeddable":true,"href":"https:\/\/linitiative.ca\/International\/wp-json\/wp\/v2\/users\/1738"}],"replies":[{"embeddable":true,"href":"https:\/\/linitiative.ca\/International\/wp-json\/wp\/v2\/comments?post=47951"}],"version-history":[{"count":0,"href":"https:\/\/linitiative.ca\/International\/wp-json\/wp\/v2\/posts\/47951\/revisions"}],"wp:featuredmedia":[{"embeddable":true,"href":"https:\/\/linitiative.ca\/International\/wp-json\/"}],"wp:attachment":[{"href":"https:\/\/linitiative.ca\/International\/wp-json\/wp\/v2\/media?parent=47951"}],"wp:term":[{"taxonomy":"category","embeddable":true,"href":"https:\/\/linitiative.ca\/International\/wp-json\/wp\/v2\/categories?post=47951"},{"taxonomy":"post_tag","embeddable":true,"href":"https:\/\/linitiative.ca\/International\/wp-json\/wp\/v2\/tags?post=47951"}],"curies":[{"name":"wp","href":"https:\/\/api.w.org\/{rel}","templated":true}]}}