{"id":47953,"date":"2019-07-23T15:14:15","date_gmt":"2019-07-23T19:14:15","guid":{"rendered":"https:\/\/linitiative.ca\/International\/ligue-1-2-mca-bourdim-jai-explique-au-coach-les-raisons-qui-ont-fait-que-jai-rate-les-deux-jours-de-stage\/"},"modified":"2019-07-23T15:14:15","modified_gmt":"2019-07-23T19:14:15","slug":"ligue-1-2-mca-bourdim-jai-explique-au-coach-les-raisons-qui-ont-fait-que-jai-rate-les-deux-jours-de-stage","status":"publish","type":"post","link":"https:\/\/linitiative.ca\/International\/ligue-1-2-mca-bourdim-jai-explique-au-coach-les-raisons-qui-ont-fait-que-jai-rate-les-deux-jours-de-stage\/","title":{"rendered":"Ligue 1 &amp; 2 : MCA : Bourdim : \u00ab J\u2019ai expliqu\u00e9 au coach les raisons qui ont fait que j\u2019ai rat\u00e9 les deux jours de stage \u00bb"},"content":{"rendered":"<div readability=\"32\">\n<p>Auteur : <span>K.M.<\/span> <span class=\"time\">mardi 23 juillet 2019 19:38<\/span><\/p>\n<\/div>\n<div id=\"post_core\" readability=\"52\">\n<p>Rejoignant le groupe \u00e0 Lubine, Amar Bourdim s\u2019est tr\u00e8s vite mis en ordre de marche sans perdre la moindre seconde. Le milieu de terrain se r\u00e9jouit d\u2019\u00eatre avec ses camarades en terre polonaise afin de poursuivre le programme trac\u00e9 par Casoni et son \u00e9tat-major. \u00ab Il n\u2019y a rien \u00e0 dire. On est dans un endroit d\u00e9di\u00e9 au sport de haut niveau. Ici \u00e0 Lubine, on ne peut \u00eatre concentr\u00e9 que sur son travail et sur les entra\u00eenements. Concernant mon retard, j\u2019ai manqu\u00e9 deux jours de stage et j\u2019ai expliqu\u00e9 les raisons de mon retard au coach Casoni. J\u2019ai rat\u00e9 le vol car je devais\u00a0 suivre un protocole pr\u00e9cis chez le m\u00e9decin. Maintenant, je vais suivre un programme pour rattraper mon retard et les deux jours d\u2019absence \u00bb, dira Amar au micro d\u2019El Heddaf TV.<\/p>\n<p><strong>\u00ab Avec les nouvelles recrues comme Harrag et Ouartani, le Mouloudia ne sera que plus fort \u00bb<\/strong><br \/>Et lorsqu\u2019on veut avoir son avis \u00e0 propos des nouvelles recrues qui rejoignent l\u2019\u00e9quipe en Pologne \u00e0 l\u2019instar de Ouartani, Amar Bourdim se r\u00e9jouit d\u2019un tel renforcement :\u00a0 \u00ab C\u2019est une tr\u00e8s bonne chose pour l\u2019\u00e9quipe car avec les nouvelles recrues comme Harrag, Ouartani ou bien les autres, ils sont tous connus. Ce sont des renforts qui ne peuvent que rendre l\u2019\u00e9quipe plus forte. Il y aura bien \u00e9videmment la concurrence qui se r\u00e9percutera positivement sur les performances du club afin de sortir avec quelque chose la saison prochaine. \u00bb\u00a0\u00a0\u00a0 \u00a0<br \/>\u00a0<br \/><strong>\u00ab Je veux m\u2019imposer en r\u00e9alisant une grande saison et oublier mes d\u00e9boires de l\u2019ann\u00e9e derni\u00e8re \u00bb<\/strong><br \/>Bourdim mart\u00e8le en boucle son envie de revenir au premier plan apr\u00e8s avoir d\u00e9\u00e7u lors de sa premi\u00e8re ann\u00e9e sous le maillot du Mouloudia : \u00ab Je veux m\u2019imposer en r\u00e9alisant une grande saison. Je veux oublier mes d\u00e9boires de l\u2019ann\u00e9e derni\u00e8re au cours de laquelle je n\u2019\u00e9tais pas au mieux de ma forme. \u00bb \u00ab Je veux oublier tout cela en me focalisant sur l\u2019avenir qui j\u2019esp\u00e8re sera radieux \u00bb, a conclu l\u2019ancien strat\u00e8ge de la JSS. \u00a0<br \/>\u00a0<\/p>\n<p><strong>Publi\u00e9 dans :<\/strong> <span>Bourdim<\/span> <span>Casoni<\/span> <span>Harrag et Ouartani<\/span><\/p>\n<\/div>\n<p>Auteur:<br \/>\n<a href=\"http:\/\/www.lebuteur.com\/article\/detail?titre=mca-bourdim-jai-explique-au-coach-les-raisons-qui-ont-fait-que-jai-rate-les-deux-jours-de-stage&#038;id=90628&#038;utm_source=feedburner&#038;utm_medium=feed&#038;utm_campaign=Feed%3A+GalerieFArtciles+%28Les+derniers+articles++-+lebuteur.com%29\">Cliquez ici pour lire l&rsquo;article depuis sa source.<\/a><\/p>\n","protected":false},"excerpt":{"rendered":"<p>Auteur : K.M. mardi 23 juillet 2019 19:38 Rejoignant le groupe \u00e0 Lubine, Amar Bourdim s\u2019est tr\u00e8s vite mis en ordre de marche sans perdre la moindre seconde. Le milieu de terrain se r\u00e9jouit d\u2019\u00eatre avec ses camarades en terre polonaise afin de poursuivre le programme trac\u00e9 par Casoni et son \u00e9tat-major. \u00ab Il n\u2019y [&hellip;]<\/p>\n","protected":false},"author":1738,"featured_media":47954,"comment_status":"closed","ping_status":"closed","sticky":false,"template":"","format":"standard","meta":{"fifu_image_url":"","fifu_image_alt":"","footnotes":""},"categories":[53,75],"tags":[],"class_list":["post-47953","post","type-post","status-publish","format-standard","has-post-thumbnail","hentry","category-algerie","category-sport"],"_links":{"self":[{"href":"https:\/\/linitiative.ca\/International\/wp-json\/wp\/v2\/posts\/47953","targetHints":{"allow":["GET"]}}],"collection":[{"href":"https:\/\/linitiative.ca\/International\/wp-json\/wp\/v2\/posts"}],"about":[{"href":"https:\/\/linitiative.ca\/International\/wp-json\/wp\/v2\/types\/post"}],"author":[{"embeddable":true,"href":"https:\/\/linitiative.ca\/International\/wp-json\/wp\/v2\/users\/1738"}],"replies":[{"embeddable":true,"href":"https:\/\/linitiative.ca\/International\/wp-json\/wp\/v2\/comments?post=47953"}],"version-history":[{"count":0,"href":"https:\/\/linitiative.ca\/International\/wp-json\/wp\/v2\/posts\/47953\/revisions"}],"wp:featuredmedia":[{"embeddable":true,"href":"https:\/\/linitiative.ca\/International\/wp-json\/"}],"wp:attachment":[{"href":"https:\/\/linitiative.ca\/International\/wp-json\/wp\/v2\/media?parent=47953"}],"wp:term":[{"taxonomy":"category","embeddable":true,"href":"https:\/\/linitiative.ca\/International\/wp-json\/wp\/v2\/categories?post=47953"},{"taxonomy":"post_tag","embeddable":true,"href":"https:\/\/linitiative.ca\/International\/wp-json\/wp\/v2\/tags?post=47953"}],"curies":[{"name":"wp","href":"https:\/\/api.w.org\/{rel}","templated":true}]}}