{"id":47966,"date":"2019-07-23T10:05:28","date_gmt":"2019-07-23T14:05:28","guid":{"rendered":"https:\/\/linitiative.ca\/International\/92338-belmadi-le-nouveau-prophete-et-le-plus-venere-d-algerie\/"},"modified":"2019-07-23T10:05:28","modified_gmt":"2019-07-23T14:05:28","slug":"92338-belmadi-le-nouveau-prophete-et-le-plus-venere-d-algerie","status":"publish","type":"post","link":"https:\/\/linitiative.ca\/International\/92338-belmadi-le-nouveau-prophete-et-le-plus-venere-d-algerie\/","title":{"rendered":"Belmadi, le \u00ab\u00a0nouveau proph\u00e8te\u00a0\u00bb et le \u00ab\u00a0plus v\u00e9n\u00e9r\u00e9\u00a0\u00bb d&rsquo;Alg\u00e9rie  \u00a0"},"content":{"rendered":"<div>\n<div class=\"K2FeedImage\"><img decoding=\"async\" src=\"http:\/\/www.aps.dz\/media\/k2\/items\/cache\/5b755ad2dc50d84507731f3318d02012_S.jpg\" alt=\"Belmadi, le \" nouveau proph et le v d><\/div>\n<div class=\"K2FeedIntroText\">\n<p>\u00a0<strong>PARIS- Le magazine France Football a mis en valeur les qualit\u00e9s du s\u00e9lectionneur national Djamel Belmadi, le \u00ab\u00a0nouveau proph\u00e8te\u00a0\u00bb et peut-\u00eatre le \u00ab\u00a0plus v\u00e9n\u00e9r\u00e9\u00a0\u00bb d&rsquo;Alg\u00e9rie.<\/strong><\/p>\n<\/div>\n<div class=\"K2FeedFullText\">\n<p><strong>\u00ab\u00a0Depuis vendredi soir, il est peut-\u00eatre l\u2019homme le plus v\u00e9n\u00e9r\u00e9 d\u2019Alg\u00e9rie\u00a0\u00bb<\/strong><\/p>\n<p>Une sorte de h\u00e9ros national, lou\u00e9 pour son extraordinaire capacit\u00e9 \u00e0 unir un groupe, pour la justesse de ses choix et son intelligence tactique\u00a0\u00bb, a \u00e9crit l&rsquo;hebdomadaire fran\u00e7ais dans son \u00e9dition de mardi, soulignant que le succ\u00e8s de l\u2019Alg\u00e9rie \u00e0 la CAN (Coupe d&rsquo;Afrique des nations) porte la signature de ce s\u00e9lectionneur qui a r\u00e9ussi \u00e0 f\u00e9d\u00e9rer \u00e0 <strong>\u00ab\u00a0une vitesse grand V\u00a0\u00bb<\/strong>.<\/p>\n<p>Dans son portrait sur cet ancien international alg\u00e9rien, France Football rappelle que lors de son intronisation, <strong>\u00ab\u00a0la s\u00e9lection (alg\u00e9rienne) ressemblait \u00e0 un champ de ruines\u00a0\u00bb.<\/strong><\/p>\n<p>Apr\u00e8s le mandat de Christian Gourcuff (2014-2016), les \u00ab\u00a0Fennecs\u00a0\u00bb ont connu pas moins de cinq entra\u00eeneurs en vingt-quatre mois : Nabil Neghiz, Milovan Rajevac, Georges Leekens, Lucas Alcaraz et Rabah Madjer, a-t-il ajout\u00e9, indiquant que l\u2019ancien milieu offensif du PSG, de l\u2019OM et de Manchester\u00a0City s&rsquo;est b\u00e2ti la r\u00e9putation d\u2019un technicien <strong>\u00ab\u00a0exigeant\u00a0\u00bb<\/strong> et<strong> \u00ab\u00a0victorieux\u00a0\u00bb<\/strong>.<\/p>\n<p>\u00ab\u00a0Mais le plus important demeure que Belmadi n\u2019a pas plong\u00e9 dans l\u2019inconnu en se retrouvant \u00e0 la t\u00eate des Fennecs. Lorsqu\u2019il a accept\u00e9 de les prendre en main, le bonhomme ne l\u2019a pas fait \u00e0 la l\u00e9g\u00e8re. Il s\u2019est scrupuleusement inform\u00e9 sur la situation de l\u2019\u00e9quipe nationale, lui qui la conna\u00eet de l\u2019int\u00e9rieur pour avoir d\u00e9j\u00e0 particip\u00e9 \u00e0 une CAN en tant que capitaine (2004)\u00a0\u00bb, a-t-il \u00e9crit, relevant que les cadres de l&rsquo;\u00e9quipe lui ont \u00e9t\u00e9 \u00ab\u00a0favorables\u00a0\u00bb.<\/p>\n<p><strong>\u00ab\u00a0Belmadi emporte l\u2019adh\u00e9sion quasi imm\u00e9diate des joueurs. Des joueurs qui, \u00e0 la CAN-2019, ont forc\u00e9 l\u2019admiration par leurs efforts incessants \u00e0 la r\u00e9cup\u00e9ration, \u00e0 batailler sur chaque ballon, \u00e0 ma\u00eetriser le contr\u00f4le du jeu\u00a0\u00bb<\/strong>, a not\u00e9 France Football.<\/p>\n<p>Pour le magazine, c&rsquo;est un <strong>\u00ab\u00a0bosseur fou\u00a0\u00bb<\/strong>, capable de visionner des heures et des heures de vid\u00e9os sur ses futurs adversaires, ajoutant qu&rsquo;il a su cr\u00e9er une<strong> \u00ab\u00a0incroyable\u00a0\u00bb<\/strong> coh\u00e9sion au sein du groupe. \u00ab\u00a0Il imposa d\u2019abord quelques r\u00e8gles : une attention particuli\u00e8re sur l\u2019hygi\u00e8ne de vie pendant les rassemblements de la s\u00e9lection, une r\u00e9duction au minimum de l\u2019activit\u00e9 sur les r\u00e9seaux sociaux, un respect des horaires et des moments collectifs\u00a0\u00bb, a-t-il indiqu\u00e9, pr\u00e9cisant qu&rsquo;il n\u2019a pas h\u00e9sit\u00e9 \u00e0 punir son propre capitaine (Mahrez) pour un tr\u00e8s l\u00e9ger retard lors d\u2019un rendez-vous pour une mise au vert.<\/p>\n<\/div>\n<p><img loading=\"lazy\" decoding=\"async\" src=\"http:\/\/feeds.feedburner.com\/~r\/aps-sport\/~4\/A61f-beEcJk\" height=\"1\" width=\"1\" alt=\"\"><\/div>\n<p>Auteur:<br \/>\n<a href=\"http:\/\/www.aps.dz\/sport\/92338-belmadi-le-nouveau-prophete-et-le-plus-venere-d-algerie?utm_source=feedburner&#038;utm_medium=feed&#038;utm_campaign=Feed%3A+aps-sport+%28APS+-+SPORT%29\">Cliquez ici pour lire l&rsquo;article depuis sa source.<\/a><\/p>\n","protected":false},"excerpt":{"rendered":"<p>\u00a0PARIS- Le magazine France Football a mis en valeur les qualit\u00e9s du s\u00e9lectionneur national Djamel Belmadi, le \u00ab\u00a0nouveau proph\u00e8te\u00a0\u00bb et peut-\u00eatre le \u00ab\u00a0plus v\u00e9n\u00e9r\u00e9\u00a0\u00bb d&rsquo;Alg\u00e9rie. \u00ab\u00a0Depuis vendredi soir, il est peut-\u00eatre l\u2019homme le plus v\u00e9n\u00e9r\u00e9 d\u2019Alg\u00e9rie\u00a0\u00bb Une sorte de h\u00e9ros national, lou\u00e9 pour son extraordinaire capacit\u00e9 \u00e0 unir un groupe, pour la justesse de ses [&hellip;]<\/p>\n","protected":false},"author":1790,"featured_media":47967,"comment_status":"closed","ping_status":"closed","sticky":false,"template":"","format":"standard","meta":{"fifu_image_url":"","fifu_image_alt":"","footnotes":""},"categories":[53,75],"tags":[],"class_list":["post-47966","post","type-post","status-publish","format-standard","has-post-thumbnail","hentry","category-algerie","category-sport"],"_links":{"self":[{"href":"https:\/\/linitiative.ca\/International\/wp-json\/wp\/v2\/posts\/47966","targetHints":{"allow":["GET"]}}],"collection":[{"href":"https:\/\/linitiative.ca\/International\/wp-json\/wp\/v2\/posts"}],"about":[{"href":"https:\/\/linitiative.ca\/International\/wp-json\/wp\/v2\/types\/post"}],"author":[{"embeddable":true,"href":"https:\/\/linitiative.ca\/International\/wp-json\/wp\/v2\/users\/1790"}],"replies":[{"embeddable":true,"href":"https:\/\/linitiative.ca\/International\/wp-json\/wp\/v2\/comments?post=47966"}],"version-history":[{"count":0,"href":"https:\/\/linitiative.ca\/International\/wp-json\/wp\/v2\/posts\/47966\/revisions"}],"wp:featuredmedia":[{"embeddable":true,"href":"https:\/\/linitiative.ca\/International\/wp-json\/"}],"wp:attachment":[{"href":"https:\/\/linitiative.ca\/International\/wp-json\/wp\/v2\/media?parent=47966"}],"wp:term":[{"taxonomy":"category","embeddable":true,"href":"https:\/\/linitiative.ca\/International\/wp-json\/wp\/v2\/categories?post=47966"},{"taxonomy":"post_tag","embeddable":true,"href":"https:\/\/linitiative.ca\/International\/wp-json\/wp\/v2\/tags?post=47966"}],"curies":[{"name":"wp","href":"https:\/\/api.w.org\/{rel}","templated":true}]}}