{"id":47968,"date":"2019-07-23T10:15:00","date_gmt":"2019-07-23T14:15:00","guid":{"rendered":"https:\/\/linitiative.ca\/International\/92341-challenge-international-du-maroc-l-algerien-reguigui-4e\/"},"modified":"2019-07-23T10:15:00","modified_gmt":"2019-07-23T14:15:00","slug":"92341-challenge-international-du-maroc-l-algerien-reguigui-4e","status":"publish","type":"post","link":"https:\/\/linitiative.ca\/International\/92341-challenge-international-du-maroc-l-algerien-reguigui-4e\/","title":{"rendered":"Challenge international du Maroc: l&rsquo;Alg\u00e9rien Reguigui 4e"},"content":{"rendered":"<div>\n<div class=\"K2FeedImage\"><img decoding=\"async\" src=\"http:\/\/www.aps.dz\/media\/k2\/items\/cache\/d8fd1d6ccd709a2c73b75cb4a95ed441_S.jpg\" alt=\"Challenge international du Maroc: l'Alg\u00e9rien Reguigui 4e\"><\/div>\n<div class=\"K2FeedIntroText\">\n<p><strong>RABAT &#8211; L&rsquo;Alg\u00e9rien Youcef Reguigui est entr\u00e9 en quatri\u00e8me position avec un chrono de 3h23:40 lors de la premi\u00e8re \u00e9tape du neuvi\u00e8me Challenge international du Maroc, disput\u00e9e lundi entre El Kela\u00e2 des Sraghna et B\u00e9ni Mellal, sur une distance de 151 km.<\/strong><\/p>\n<\/div>\n<div class=\"K2FeedFullText\">\n<p>La course a \u00e9t\u00e9 remport\u00e9e par le Sud-africain Julius Jayde (3h22:50), devant son compatriote Clint Hendricks et le Marocain Oussama Khafi. Reguigui a \u00e9t\u00e9 talonn\u00e9 de tr\u00e8s pr\u00e8s par son compatriote Abderrahmane Mansouri, entr\u00e9 en 5e position, avec le m\u00eame temps, soit avec 50 secondes de retard sur le peloton de t\u00eate.<\/p>\n<hr>\n<p><a href=\"http:\/\/www.aps.dz\/sport\/92280-cyclisme-9e-challenge-du-maroc-l-algerie-avec-six-coureurs\">Lire aussi :\u00a0Cyclisme\/9e challenge du Maroc: l&rsquo;Alg\u00e9rie avec six coureurs<\/a><\/p>\n<hr>\n<p>L&rsquo;Alg\u00e9rie a engag\u00e9 six coureurs dans cette comp\u00e9tition qui se d\u00e9roule en trois \u00e9tapes, du 22 au 25 juillet. Hamza Yacine s&rsquo;est class\u00e9 en 8e position (3h33:26), devant Azzedine Lagab (15e en 3h33:40), Nassim Sa\u00efdi (17e en 3h33:40) et Islam Mansouri (20e en 3h33:40). Cette premi\u00e8re \u00e9tape a \u00e9t\u00e9 tr\u00e8s difficile puisqu&rsquo;elle a enregistr\u00e9 13 arriv\u00e9es hors d\u00e9lai, ainsi que 14 abandons.<\/p>\n<p>Les co\u00e9quipiers de Lagab profiteront de la journ\u00e9e de mardi pour se reposer et r\u00e9cup\u00e9rer des forces en pr\u00e9vision de la 2e \u00e9tape pr\u00e9vue mercredi, sur 146 km. Son d\u00e9part sera donn\u00e9 \u00e0 16h00 \u00e0 Beni Mellal pour rejoindre Beja\u00e2d, via Fkih Ben Saleh, Kouribga et Oued Zem.<\/p>\n<\/div>\n<p><img loading=\"lazy\" decoding=\"async\" src=\"http:\/\/feeds.feedburner.com\/~r\/aps-sport\/~4\/kOJ9S5oECsY\" height=\"1\" width=\"1\" alt=\"\"><\/div>\n<p>Auteur:<br \/>\n<a href=\"http:\/\/www.aps.dz\/sport\/92341-challenge-international-du-maroc-l-algerien-reguigui-4e?utm_source=feedburner&#038;utm_medium=feed&#038;utm_campaign=Feed%3A+aps-sport+%28APS+-+SPORT%29\">Cliquez ici pour lire l&rsquo;article depuis sa source.<\/a><\/p>\n","protected":false},"excerpt":{"rendered":"<p>RABAT &#8211; L&rsquo;Alg\u00e9rien Youcef Reguigui est entr\u00e9 en quatri\u00e8me position avec un chrono de 3h23:40 lors de la premi\u00e8re \u00e9tape du neuvi\u00e8me Challenge international du Maroc, disput\u00e9e lundi entre El Kela\u00e2 des Sraghna et B\u00e9ni Mellal, sur une distance de 151 km. La course a \u00e9t\u00e9 remport\u00e9e par le Sud-africain Julius Jayde (3h22:50), devant son [&hellip;]<\/p>\n","protected":false},"author":1790,"featured_media":47969,"comment_status":"closed","ping_status":"closed","sticky":false,"template":"","format":"standard","meta":{"fifu_image_url":"","fifu_image_alt":"","footnotes":""},"categories":[53,75],"tags":[],"class_list":["post-47968","post","type-post","status-publish","format-standard","has-post-thumbnail","hentry","category-algerie","category-sport"],"_links":{"self":[{"href":"https:\/\/linitiative.ca\/International\/wp-json\/wp\/v2\/posts\/47968","targetHints":{"allow":["GET"]}}],"collection":[{"href":"https:\/\/linitiative.ca\/International\/wp-json\/wp\/v2\/posts"}],"about":[{"href":"https:\/\/linitiative.ca\/International\/wp-json\/wp\/v2\/types\/post"}],"author":[{"embeddable":true,"href":"https:\/\/linitiative.ca\/International\/wp-json\/wp\/v2\/users\/1790"}],"replies":[{"embeddable":true,"href":"https:\/\/linitiative.ca\/International\/wp-json\/wp\/v2\/comments?post=47968"}],"version-history":[{"count":0,"href":"https:\/\/linitiative.ca\/International\/wp-json\/wp\/v2\/posts\/47968\/revisions"}],"wp:featuredmedia":[{"embeddable":true,"href":"https:\/\/linitiative.ca\/International\/wp-json\/"}],"wp:attachment":[{"href":"https:\/\/linitiative.ca\/International\/wp-json\/wp\/v2\/media?parent=47968"}],"wp:term":[{"taxonomy":"category","embeddable":true,"href":"https:\/\/linitiative.ca\/International\/wp-json\/wp\/v2\/categories?post=47968"},{"taxonomy":"post_tag","embeddable":true,"href":"https:\/\/linitiative.ca\/International\/wp-json\/wp\/v2\/tags?post=47968"}],"curies":[{"name":"wp","href":"https:\/\/api.w.org\/{rel}","templated":true}]}}