{"id":47981,"date":"2019-07-23T14:25:00","date_gmt":"2019-07-23T18:25:00","guid":{"rendered":"https:\/\/linitiative.ca\/International\/said-sadi-en-colere-contre-la-paf\/"},"modified":"2019-07-23T14:25:00","modified_gmt":"2019-07-23T18:25:00","slug":"said-sadi-en-colere-contre-la-paf","status":"publish","type":"post","link":"https:\/\/linitiative.ca\/International\/said-sadi-en-colere-contre-la-paf\/","title":{"rendered":"Sa\u00efd Sadi en col\u00e8re contre la PAF"},"content":{"rendered":"<p><br id=\"sep_para_1\" class=\"sep_para access\"\/><\/p>\n<div id=\"para_1\" class=\"para_32266103 resize\">\n<div class=\"texte access firstletter\">Des t\u00e9moins oculaires ont indiqu\u00e9 que l\u2019ancien pr\u00e9sident du RCD a exprim\u00e9 sa vive col\u00e8re devant les agents de la Police de l\u2019air des fronti\u00e8res (PAF) \u00e0 l\u2019a\u00e9roport international d\u2019Alger. Retard\u00e9 pour un contr\u00f4le, Sa\u00efd Sadi a, alors, protest\u00e9 de fa\u00e7on v\u00e9h\u00e9mente, rapportent ces t\u00e9moins qui pr\u00e9cisent que les agents semblaient surpris. Les contr\u00f4les au niveau des fronti\u00e8res ont \u00e9t\u00e9 renforc\u00e9s depuis la d\u00e9mission de Bouteflika et les nombreuses affaires de justice qui s\u2019en sont suivies. Les responsables de la s\u00e9curit\u00e9 au niveau des a\u00e9roports \u2013 police, douanes et services de renseignement \u2013 multiplient les fouilles et les interrogatoires qui ciblent tout particuli\u00e8rement les chefs d\u2019entreprise et\u00a0 hommes politiques qui affichent ouvertement leur opposition aux tenants du pouvoir.<\/div>\n<\/div>\n<p>Auteur: R\u00e9flexion<br \/>\n<a href=\"https:\/\/www.reflexiondz.net\/Said-Sadi-en-colere-contre-la-PAF_a56770.html\">Cliquez ici pour lire l&rsquo;article depuis sa source.<\/a><\/p>\n","protected":false},"excerpt":{"rendered":"<p>Des t\u00e9moins oculaires ont indiqu\u00e9 que l\u2019ancien pr\u00e9sident du RCD a exprim\u00e9 sa vive col\u00e8re devant les agents de la Police de l\u2019air des fronti\u00e8res (PAF) \u00e0 l\u2019a\u00e9roport international d\u2019Alger. Retard\u00e9 pour un contr\u00f4le, Sa\u00efd Sadi a, alors, protest\u00e9 de fa\u00e7on v\u00e9h\u00e9mente, rapportent ces t\u00e9moins qui pr\u00e9cisent que les agents semblaient surpris. Les contr\u00f4les au [&hellip;]<\/p>\n","protected":false},"author":1740,"featured_media":0,"comment_status":"closed","ping_status":"closed","sticky":false,"template":"","format":"standard","meta":{"fifu_image_url":"","fifu_image_alt":"","footnotes":""},"categories":[53,76],"tags":[],"class_list":["post-47981","post","type-post","status-publish","format-standard","hentry","category-algerie","category-regions"],"_links":{"self":[{"href":"https:\/\/linitiative.ca\/International\/wp-json\/wp\/v2\/posts\/47981","targetHints":{"allow":["GET"]}}],"collection":[{"href":"https:\/\/linitiative.ca\/International\/wp-json\/wp\/v2\/posts"}],"about":[{"href":"https:\/\/linitiative.ca\/International\/wp-json\/wp\/v2\/types\/post"}],"author":[{"embeddable":true,"href":"https:\/\/linitiative.ca\/International\/wp-json\/wp\/v2\/users\/1740"}],"replies":[{"embeddable":true,"href":"https:\/\/linitiative.ca\/International\/wp-json\/wp\/v2\/comments?post=47981"}],"version-history":[{"count":0,"href":"https:\/\/linitiative.ca\/International\/wp-json\/wp\/v2\/posts\/47981\/revisions"}],"wp:attachment":[{"href":"https:\/\/linitiative.ca\/International\/wp-json\/wp\/v2\/media?parent=47981"}],"wp:term":[{"taxonomy":"category","embeddable":true,"href":"https:\/\/linitiative.ca\/International\/wp-json\/wp\/v2\/categories?post=47981"},{"taxonomy":"post_tag","embeddable":true,"href":"https:\/\/linitiative.ca\/International\/wp-json\/wp\/v2\/tags?post=47981"}],"curies":[{"name":"wp","href":"https:\/\/api.w.org\/{rel}","templated":true}]}}