{"id":47982,"date":"2019-07-23T14:25:00","date_gmt":"2019-07-23T18:25:00","guid":{"rendered":"https:\/\/linitiative.ca\/International\/zetchi-demissionnerait-ce-jeudi\/"},"modified":"2019-07-23T14:25:00","modified_gmt":"2019-07-23T18:25:00","slug":"zetchi-demissionnerait-ce-jeudi","status":"publish","type":"post","link":"https:\/\/linitiative.ca\/International\/zetchi-demissionnerait-ce-jeudi\/","title":{"rendered":"Zetchi d\u00e9missionnerait ce jeudi"},"content":{"rendered":"<p><br id=\"sep_para_1\" class=\"sep_para access\"\/><\/p>\n<div id=\"para_1\" class=\"para_32266106 resize\">\n<div class=\"texte access firstletter\">Le pr\u00e9sident de la FAF, Kheiredine Zetchi, pourrait d\u00e9missionner de son poste \u00e0 l\u2019occasion de la r\u00e9union du bureau f\u00e9d\u00e9ral, pr\u00e9vue ce jeudi, a-t-on appris aupr\u00e8s de la f\u00e9d\u00e9ration. L\u2019\u00e9ventuelle d\u00e9mission de Zetchi s\u2019expliquerait par son absence lors de la c\u00e9r\u00e9monie officielle, organis\u00e9e samedi dernier \u00e0 la pr\u00e9sidence de la R\u00e9publique en l\u2019honneur de l\u2019\u00e9quipe nationale de football, championne d\u2019Afrique des nations. Rien n\u2019a filtr\u00e9 pour le moment sur les raisons du traitement r\u00e9serv\u00e9 au pr\u00e9sident de la FAF. M\u00eame le timing choisi suscite beaucoup d\u2019interrogations d\u2019autant plus qu\u2019il intervient au moment o\u00f9 Khiereddine Zetchi, apr\u00e8s deux ans compliqu\u00e9s, commen\u00e7ait \u00e0 redresser la barre, depuis la nomination de Djamel Belmadi \u00e0 la t\u00eate de la s\u00e9lection nationale, avec un sacre africain, le premier conquis hors du pays.<\/div>\n<\/div>\n<p>Auteur: R\u00e9flexion<br \/>\n<a href=\"https:\/\/www.reflexiondz.net\/Zetchi-demissionnerait-ce-jeudi_a56772.html\">Cliquez ici pour lire l&rsquo;article depuis sa source.<\/a><\/p>\n","protected":false},"excerpt":{"rendered":"<p>Le pr\u00e9sident de la FAF, Kheiredine Zetchi, pourrait d\u00e9missionner de son poste \u00e0 l\u2019occasion de la r\u00e9union du bureau f\u00e9d\u00e9ral, pr\u00e9vue ce jeudi, a-t-on appris aupr\u00e8s de la f\u00e9d\u00e9ration. L\u2019\u00e9ventuelle d\u00e9mission de Zetchi s\u2019expliquerait par son absence lors de la c\u00e9r\u00e9monie officielle, organis\u00e9e samedi dernier \u00e0 la pr\u00e9sidence de la R\u00e9publique en l\u2019honneur de l\u2019\u00e9quipe [&hellip;]<\/p>\n","protected":false},"author":1740,"featured_media":0,"comment_status":"closed","ping_status":"closed","sticky":false,"template":"","format":"standard","meta":{"fifu_image_url":"","fifu_image_alt":"","footnotes":""},"categories":[53,76],"tags":[],"class_list":["post-47982","post","type-post","status-publish","format-standard","hentry","category-algerie","category-regions"],"_links":{"self":[{"href":"https:\/\/linitiative.ca\/International\/wp-json\/wp\/v2\/posts\/47982","targetHints":{"allow":["GET"]}}],"collection":[{"href":"https:\/\/linitiative.ca\/International\/wp-json\/wp\/v2\/posts"}],"about":[{"href":"https:\/\/linitiative.ca\/International\/wp-json\/wp\/v2\/types\/post"}],"author":[{"embeddable":true,"href":"https:\/\/linitiative.ca\/International\/wp-json\/wp\/v2\/users\/1740"}],"replies":[{"embeddable":true,"href":"https:\/\/linitiative.ca\/International\/wp-json\/wp\/v2\/comments?post=47982"}],"version-history":[{"count":0,"href":"https:\/\/linitiative.ca\/International\/wp-json\/wp\/v2\/posts\/47982\/revisions"}],"wp:attachment":[{"href":"https:\/\/linitiative.ca\/International\/wp-json\/wp\/v2\/media?parent=47982"}],"wp:term":[{"taxonomy":"category","embeddable":true,"href":"https:\/\/linitiative.ca\/International\/wp-json\/wp\/v2\/categories?post=47982"},{"taxonomy":"post_tag","embeddable":true,"href":"https:\/\/linitiative.ca\/International\/wp-json\/wp\/v2\/tags?post=47982"}],"curies":[{"name":"wp","href":"https:\/\/api.w.org\/{rel}","templated":true}]}}