{"id":47991,"date":"2019-07-23T11:10:00","date_gmt":"2019-07-23T15:10:00","guid":{"rendered":"https:\/\/linitiative.ca\/International\/le-front-populaire-sur-les-pas-de-nidaa\/"},"modified":"2019-07-23T11:10:00","modified_gmt":"2019-07-23T15:10:00","slug":"le-front-populaire-sur-les-pas-de-nidaa","status":"publish","type":"post","link":"https:\/\/linitiative.ca\/International\/le-front-populaire-sur-les-pas-de-nidaa\/","title":{"rendered":"Le Front Populaire sur les pas de Nidaa"},"content":{"rendered":"<p>On a eu deux Nidaa, on a d\u00e9sormais deux Fronts populaires. Ce qui augure d\u2019un imbroglio juridico-politique dont le Front se serait bien pass\u00e9 \u00e0 quelques semaines des \u00e9lections l\u00e9gislatives. Qui de Hamma Hammami ou de Mongi\u00a0 Rahoui repr\u00e9sente le vrai Front Populaire ?\u00a0<br \/>Pour\u00a0 Hamma Hammami, les vrais responsables de cette crise, ce sont le chef de gouvernement\u00ab et son ministre charg\u00e9 des Relations avec les instances constitutionnelles, la soci\u00e9t\u00e9 civile et des droits de l&rsquo;Homme, Mohamed Fadhel Mahfoudh qui avait accord\u00e9 le visa du \u00abparti du Front populaire\u00bb \u00e0 qui il a reproch\u00e9 \u00abla c\u00e9l\u00e9rit\u00e9 avec laquelle il a accord\u00e9 le visa sa pr\u00e9sidente Safa Dhaouadi\u00bb et non ceux qui se sont empar\u00e9s du logo et du nom du parti.<\/p>\n<p>Tout avait commenc\u00e9 au printemps dernier avec la d\u00e9cision de Mongi Rahoui de pr\u00e9senter sa candidature \u00e0 la pr\u00e9sidence de la R\u00e9publique alors que le candidat officiel \u00e9tait Hamma Hammami. Il s&rsquo;ensuivit une pol\u00e9mique entre le parti des travailleurs et El Watad. La crise s&rsquo;envenima avec la d\u00e9mission de 9 d\u00e9put\u00e9s appartenant au Watad et \u00e0 l&rsquo;Alliance de la Gauche ouvri\u00e8re et la cr\u00e9ation d&rsquo;un bloc parlementaire tout en gardant la d\u00e9nomination \u00abFront populaire\u00bb. Une d\u00e9cision qui allait marquer un point de non retour dans le diff\u00e9rend entre les deux principales composantes du Front populaire.\u00a0<\/p>\n<p>Auteur:<br \/>\n<a href=\"https:\/\/www.leaders.com.tn\/article\/27560-le-front-populaire-sur-les-pas-de-nidaa\">Cliquez ici pour lire l&rsquo;article depuis sa source.<\/a><\/p>\n","protected":false},"excerpt":{"rendered":"<p>On a eu deux Nidaa, on a d\u00e9sormais deux Fronts populaires. Ce qui augure d\u2019un imbroglio juridico-politique dont le Front se serait bien pass\u00e9 \u00e0 quelques semaines des \u00e9lections l\u00e9gislatives. Qui de Hamma Hammami ou de Mongi\u00a0 Rahoui repr\u00e9sente le vrai Front Populaire ?\u00a0Pour\u00a0 Hamma Hammami, les vrais responsables de cette crise, ce sont le [&hellip;]<\/p>\n","protected":false},"author":1772,"featured_media":0,"comment_status":"closed","ping_status":"closed","sticky":false,"template":"","format":"standard","meta":{"fifu_image_url":"","fifu_image_alt":"","footnotes":""},"categories":[73,55],"tags":[],"class_list":["post-47991","post","type-post","status-publish","format-standard","hentry","category-actualite","category-tunisie"],"_links":{"self":[{"href":"https:\/\/linitiative.ca\/International\/wp-json\/wp\/v2\/posts\/47991","targetHints":{"allow":["GET"]}}],"collection":[{"href":"https:\/\/linitiative.ca\/International\/wp-json\/wp\/v2\/posts"}],"about":[{"href":"https:\/\/linitiative.ca\/International\/wp-json\/wp\/v2\/types\/post"}],"author":[{"embeddable":true,"href":"https:\/\/linitiative.ca\/International\/wp-json\/wp\/v2\/users\/1772"}],"replies":[{"embeddable":true,"href":"https:\/\/linitiative.ca\/International\/wp-json\/wp\/v2\/comments?post=47991"}],"version-history":[{"count":0,"href":"https:\/\/linitiative.ca\/International\/wp-json\/wp\/v2\/posts\/47991\/revisions"}],"wp:attachment":[{"href":"https:\/\/linitiative.ca\/International\/wp-json\/wp\/v2\/media?parent=47991"}],"wp:term":[{"taxonomy":"category","embeddable":true,"href":"https:\/\/linitiative.ca\/International\/wp-json\/wp\/v2\/categories?post=47991"},{"taxonomy":"post_tag","embeddable":true,"href":"https:\/\/linitiative.ca\/International\/wp-json\/wp\/v2\/tags?post=47991"}],"curies":[{"name":"wp","href":"https:\/\/api.w.org\/{rel}","templated":true}]}}