{"id":48005,"date":"2019-07-22T18:04:45","date_gmt":"2019-07-22T22:04:45","guid":{"rendered":"https:\/\/linitiative.ca\/International\/gouvernement-syndicat-sauver-lessentiel\/"},"modified":"2019-07-22T18:04:45","modified_gmt":"2019-07-22T22:04:45","slug":"gouvernement-syndicat-sauver-lessentiel","status":"publish","type":"post","link":"https:\/\/linitiative.ca\/International\/gouvernement-syndicat-sauver-lessentiel\/","title":{"rendered":"Gouvernement-syndicat\u00a0: sauver l\u2019essentiel"},"content":{"rendered":"<p>Apr\u00e8s trois ann\u00e9es de suspension et plusieurs tentatives sans succ\u00e8s, le dialogue entre le gouvernement et les partenaires sociaux reprend, en principe, ce mardi 23 juillet 2019, dans une atmosph\u00e8re domin\u00e9e par la m\u00e9fiance entre les deux parties. Le dernier rendez-vous manqu\u00e9 remonte au mois de mai 2019 o\u00f9 les deux camps s\u2019\u00e9taient quitt\u00e9s dos-\u00e0-dos d\u00e8s l\u2019ouverture de la rencontre, \u00e0 la suite d\u2019 un d\u00e9saccord. En effet, les organisations syndicales de travailleurs avaient pos\u00e9, comme pr\u00e9alable \u00e0 la poursuite des n\u00e9gociations, que le gouvernement donne une r\u00e9ponse satisfaisante \u00e0 la question relative \u00e0 l\u2019Imp\u00f4t unique sur les traitements et salaires (IUTS), pr\u00e9lev\u00e9 sur les primes et indemnit\u00e9s servies aux travailleurs du priv\u00e9 et des \u00e9tablissements publics et parapublics de l\u2019Etat. Le Premier ministre, Christophe Joseph Marie Dabir\u00e9, avait alors exprim\u00e9 son regret face \u00e0 la suspension des travaux, tout en r\u00e9affirmant la disponibilit\u00e9 de son gouvernement \u00e0 reprendre les n\u00e9gociations dans les meilleurs d\u00e9lais.<br \/>Si la reprise du dialogue peut donc susciter de l\u2019espoir, certains citoyens \u00e9mettent des inqui\u00e9tudes. Quelles sont les chances de succ\u00e8s de cette nouvelle rencontre gouvernement-syndicat\u00a0? Les deux camps ont-ils r\u00e9ussi \u00e0 aplanir les difficult\u00e9s sur les pr\u00e9alables\u00a0? Peut-on esp\u00e9rer une accalmie de la fronde sociale\u00a0? S\u2019il est tr\u00e8s t\u00f4t pour l\u2019heure, de trouver des r\u00e9ponses \u00e0 toutes ces interrogations, les deux parties doivent tout faire pour donner une chance au dialogue afin que les questions qui divisent profond\u00e9ment l\u2019ex\u00e9cutif et les travailleurs puissent \u00eatre abord\u00e9es. Pour cela, le gouvernement, accus\u00e9 \u00e0 tort ou \u00e0 raison de faire dans le dilatoire, doit se montrer franc et sinc\u00e8re dans les discussions avec les repr\u00e9sentants des travailleurs. En retour, les syndicats qui vont \u00e0 la table des discussions avec les pr\u00e9occupations de leurs membres doivent \u00e9galement mettre un peu d\u2019eau dans leur vin en \u00e9vitant la politique de la chaise vide qui a montr\u00e9 toutes ses limites. Plusieurs gros dossiers seront probablement mis en discussions. Mais le plus attendu est la question de la remise \u00e0 plat du syst\u00e8me de r\u00e9mun\u00e9rations des agents publics de l\u2019Etat. Une conf\u00e9rence nationale, tenue en juin 2018, avait r\u00e9fl\u00e9chi au sujet \u00e0 la demande du pr\u00e9sident du Faso, Roch Marc Christian Kabor\u00e9. Mais cette rencontre qui a regroup\u00e9 \u00ables forces vives\u00bb de la Nation et dont la mise en \u0153uvre des conclusions avait \u00e9t\u00e9 annonc\u00e9e pour le premier trimestre \u00e0 compter de janvier 2019 se fait toujours attendre. Mieux, des avantages ont \u00e9t\u00e9 accord\u00e9s \u00e0 certains corps dans la foul\u00e9e au point que l\u2019on se demande aujourd\u2019hui si ces recommandations, cens\u00e9es r\u00e9soudre l\u2019\u00e9quit\u00e9 dans le traitement des fonctionnaires de l\u2019Etat, sont encore d\u2019actualit\u00e9. Connaissant la position de certains leaders syndicaux qui avaient boud\u00e9 la conf\u00e9rence, il est difficile d\u2019attendre grand-chose de ces conclusions. D\u2019aucuns avaient d\u2019ailleurs \u00e9mis de s\u00e9rieux doutes sur l\u2019application des propositions apr\u00e8s la r\u00e9solution de certaines revendications syndicales \u00abau cas par cas\u00bb op\u00e9r\u00e9e par l\u2019ex\u00e9cutif dans la m\u00eame p\u00e9riode. Pour autant, on ne va pas jouer les oiseaux de mauvais augure. Esp\u00e9rons que les deux partenaires fassent preuve de grandeur d\u2019esprit en d\u00e9passionnant les d\u00e9bats pour sauver l\u2019essentiel. Dans ce sens, le gouvernement et les syndicats doivent accepter de faire des concessions et trouver le juste milieu dans l\u2019int\u00e9r\u00eat des usagers des services publics qui ont assez souffert des multiples gr\u00e8ves et mouvements d\u2019humeur \u00e0 r\u00e9p\u00e9tition. Le pr\u00e9sident du Faso doit peser de tout son poids pour faire aboutir ce dialogue. Ce serait une grosse \u00e9pine de moins pour le pays afin que celui-ci puisse s\u2019attaquer \u00e0 la lutte contre le terrorisme\u00a0!<\/p>\n<p>Beyon Romain NEBIE<br \/>nbeyonromain@yahoo.fr<\/p>\n<div class=\"td-a-rec td-a-rec-id-content_bottom td_uid_30_5d377fafbd2b6_rand td_block_template_1\"><img loading=\"lazy\" decoding=\"async\" class=\"aligncenter size-full wp-image-9623\" src=\"https:\/\/www.sidwaya.info\/wp-content\/uploads\/2019\/06\/Projet-bannie%CC%80re-Orange-mobile.jpg\" alt=\"\" width=\"728\" height=\"81\"\/><\/div>\n<p>Auteur: BM. Sidwaya<br \/>\n<a href=\"https:\/\/www.sidwaya.info\/blog\/2019\/07\/22\/gouvernement-syndicat-sauver-lessentiel\/\">Cliquez ici pour lire l&rsquo;article depuis sa source.<\/a><\/p>\n","protected":false},"excerpt":{"rendered":"<p>Apr\u00e8s trois ann\u00e9es de suspension et plusieurs tentatives sans succ\u00e8s, le dialogue entre le gouvernement et les partenaires sociaux reprend, en principe, ce mardi 23 juillet 2019, dans une atmosph\u00e8re domin\u00e9e par la m\u00e9fiance entre les deux parties. Le dernier rendez-vous manqu\u00e9 remonte au mois de mai 2019 o\u00f9 les deux camps s\u2019\u00e9taient quitt\u00e9s dos-\u00e0-dos [&hellip;]<\/p>\n","protected":false},"author":1816,"featured_media":48006,"comment_status":"closed","ping_status":"closed","sticky":false,"template":"","format":"standard","meta":{"fifu_image_url":"","fifu_image_alt":"","footnotes":""},"categories":[73,81],"tags":[],"class_list":["post-48005","post","type-post","status-publish","format-standard","has-post-thumbnail","hentry","category-actualite","category-burkina-faso"],"_links":{"self":[{"href":"https:\/\/linitiative.ca\/International\/wp-json\/wp\/v2\/posts\/48005","targetHints":{"allow":["GET"]}}],"collection":[{"href":"https:\/\/linitiative.ca\/International\/wp-json\/wp\/v2\/posts"}],"about":[{"href":"https:\/\/linitiative.ca\/International\/wp-json\/wp\/v2\/types\/post"}],"author":[{"embeddable":true,"href":"https:\/\/linitiative.ca\/International\/wp-json\/wp\/v2\/users\/1816"}],"replies":[{"embeddable":true,"href":"https:\/\/linitiative.ca\/International\/wp-json\/wp\/v2\/comments?post=48005"}],"version-history":[{"count":0,"href":"https:\/\/linitiative.ca\/International\/wp-json\/wp\/v2\/posts\/48005\/revisions"}],"wp:featuredmedia":[{"embeddable":true,"href":"https:\/\/linitiative.ca\/International\/wp-json\/"}],"wp:attachment":[{"href":"https:\/\/linitiative.ca\/International\/wp-json\/wp\/v2\/media?parent=48005"}],"wp:term":[{"taxonomy":"category","embeddable":true,"href":"https:\/\/linitiative.ca\/International\/wp-json\/wp\/v2\/categories?post=48005"},{"taxonomy":"post_tag","embeddable":true,"href":"https:\/\/linitiative.ca\/International\/wp-json\/wp\/v2\/tags?post=48005"}],"curies":[{"name":"wp","href":"https:\/\/api.w.org\/{rel}","templated":true}]}}