{"id":48007,"date":"2019-07-22T18:43:53","date_gmt":"2019-07-22T22:43:53","guid":{"rendered":"https:\/\/linitiative.ca\/International\/dialogue-politique-la-carte-consulaire-aux-elections-seul-couac\/"},"modified":"2019-07-22T18:43:53","modified_gmt":"2019-07-22T22:43:53","slug":"dialogue-politique-la-carte-consulaire-aux-elections-seul-couac","status":"publish","type":"post","link":"https:\/\/linitiative.ca\/International\/dialogue-politique-la-carte-consulaire-aux-elections-seul-couac\/","title":{"rendered":"Dialogue politique: la carte consulaire aux \u00e9lections,  seul couac"},"content":{"rendered":"<div class=\"td-post-featured-image\"><a href=\"https:\/\/i2.wp.com\/www.sidwaya.info\/wp-content\/uploads\/2019\/07\/dialogue.gif?fit=787%2C525&#038;ssl=1\" data-caption=\"\"><img loading=\"lazy\" decoding=\"async\" width=\"696\" height=\"464\" class=\"entry-thumb td-modal-image\" src=\"https:\/\/i2.wp.com\/www.sidwaya.info\/wp-content\/uploads\/2019\/07\/dialogue.gif?resize=696%2C464&#038;ssl=1\" alt=\"\" title=\"dialogue\"\/><\/a><\/div>\n<p><strong>Le dialogue politique, d\u00e9but\u00e9 le 15 juillet dernier, s\u2019est achev\u00e9, le lundi 22 juillet 2019 \u00e0 Kosyam, en pr\u00e9sence de l\u2019initiateur, le pr\u00e9sident Roch Marc Christian Kabor\u00e9. La rencontre a abouti \u00e0 plusieurs points de consensus et un seul sujet de d\u00e9saccord, \u00e0 savoir la non-prise en compte de la carte consulaire biom\u00e9trique aux \u00e9lections de 2020.<\/strong><\/p>\n<p>La majorit\u00e9 et l\u2019opposition politique burkinab\u00e8 ont d\u00e9cid\u00e9 de regarder dans la m\u00eame direction. Apr\u00e8s une semaine de concertation au cours d\u2019un dialogue politique, les deux parties ont livr\u00e9 les fruits de leur r\u00e9flexion, hier lundi 22 juillet 2019, \u00e0 Kosyam, en pr\u00e9sence du chef de l\u2019Etat, Roch Marc Christian Kabor\u00e9, l\u2019instigateur de la rencontre. Il ressort du rapport de synth\u00e8se pr\u00e9sent\u00e9 par le ministre d\u2019Etat, ministre de l\u2019Administration territoriale, de la D\u00e9centralisation et de la Coh\u00e9sion sociale, Sim\u00e9on Sawadogo, que les 40 membres du dialogue, issus du Chef de file de l\u2019opposition politique (CFOP) et de l\u2019Alliance des partis et formations politiques de la majorit\u00e9 pr\u00e9sidentielle (APMP), se sont accord\u00e9s sur plusieurs sujets d\u2019int\u00e9r\u00eat national. Deux axes principaux ont guid\u00e9 les d\u00e9bats. Il s\u2019agit du code \u00e9lectoral et des \u00e9lections, d\u2019une part, et des questions li\u00e9es \u00e0 la situation nationale, d\u2019autre part. Concernant les \u00e9lections, les deux parties ont convenu du maintien du calendrier \u00e9lectoral qui pr\u00e9voit l\u2019organisation des \u00e9lections coupl\u00e9es pr\u00e9sidentielle et l\u00e9gislatives en 2020 et des \u00e9lections municipales en 2021. Quant \u00e0 la d\u00e9termination de la p\u00e9riode de la tenue du r\u00e9f\u00e9rendum, elle est laiss\u00e9e \u00e0 la discr\u00e9tion du chef de l\u2019Etat. \u00abToutefois, l\u2019opposition s\u2019est oppos\u00e9e au couplage du referendum avec toute autre \u00e9lection\u00bb, a pr\u00e9cis\u00e9 M. Sawadogo. Pour ce qui est du vote des Burkinab\u00e8 de l\u2019ext\u00e9rieur, le rapporteur a relev\u00e9 que le principe de l\u2019installation des bureaux de vote dans l\u2019enceinte des ambassades et consulats ainsi que dans tout autre lieu en accord avec le pays h\u00f4te a \u00e9t\u00e9 accept\u00e9. Le seul point de d\u00e9saccord, a-t-il poursuivi, concerne la carte consulaire biom\u00e9trique comme document \u00e9lectoral. S\u2019agissant de la situation nationale, les participants au dialogue ont formul\u00e9 des recommandations. Sur le plan s\u00e9curitaire, ils ont propos\u00e9 de renforcer les capacit\u00e9s mat\u00e9rielles, financi\u00e8res et humaines des Forces de d\u00e9fense et de s\u00e9curit\u00e9 (FDS). Aussi ont-ils souhait\u00e9 l\u2019instauration d\u2019une contribution patriotique de toutes les composantes de la nation pour soutenir les efforts des FDS.<\/p>\n<p>Un comit\u00e9 de suivi des conclusions<\/p>\n<p>Sur le plan de la r\u00e9conciliation nationale, de l\u2019avis du ministre d\u2019Etat, opposition et majorit\u00e9 ont recommand\u00e9 la poursuite du processus sous le triptyque\u00a0: \u00abv\u00e9rit\u00e9-justice-r\u00e9conciliation\u00bb et l\u2019\u00e9largissement des concertations sur la question \u00e0 toutes les couches sociales du pays, afin de prendre en compte le plus grand nombre d\u2019opinions. Sur l\u2019unit\u00e9 nationale et la coh\u00e9sion sociale, Sim\u00e9on Sawadogo a confi\u00e9 que les participants ont propos\u00e9, entre autres, l\u2019identification des entraves \u00e0 l\u2019unit\u00e9 nationale, la coh\u00e9sion sociale et le civisme, la fin de toutes formes de favoritisme et de client\u00e9lisme dans l\u2019attribution des march\u00e9s publics. \u00abIls ont \u00e9galement pr\u00f4n\u00e9 la redistribution des richesses nationales de mani\u00e8re \u00e9quitable entre les diff\u00e9rentes r\u00e9gions et les citoyens\u00bb, a-t-il not\u00e9. Les questions li\u00e9es \u00e0 la relance \u00e9conomique, au foncier ou au dialogue social n\u2019ont pas \u00e9t\u00e9 occult\u00e9es par la classe politique. Celle-ci a propos\u00e9 la mise en place d\u2019un fonds de soutien aux entreprises en difficult\u00e9s, la prise de mesures pour encadrer les op\u00e9rations immobili\u00e8res et renforcer la r\u00e9duction du train de vie de l\u2019Etat, a fait savoir le ministre. A l\u2019issue des travaux, les participants ont lanc\u00e9 un appel au dialogue politique, pris une r\u00e9solution sur la situation s\u00e9curitaire et adress\u00e9 une motion de remerciements au pr\u00e9sident du Faso pour la tenue des pourparlers. Ils ont, par ailleurs, formul\u00e9 deux recommandations. L\u2019une porte sur l\u2019indemnisation des personnes victimes des violences en politique et l\u2019autre sur le retour des Burkinab\u00e8 qui sont \u00e0 l\u2019ext\u00e9rieur pour des raisons politiques. Pour la mise en \u0153uvre effective des conclusions du dialogue, les participants ont mis sur pieds un comit\u00e9 de suivi. Les neuf membres dudit comit\u00e9 ont \u00e9t\u00e9, s\u00e9ance tenante, install\u00e9s par le chef de l\u2019Etat, qui a r\u00e9it\u00e9r\u00e9 sa disponibilit\u00e9 \u00e0 transmettre les conclusions consensuelles au gouvernement et au parlement pour leurs mises en application. Et pour cause, a dit Roch Marc Christian Kabor\u00e9, ces conclusions sont l\u2019expression de la commune volont\u00e9 des deux parties de b\u00e2tir une Nation unie, d\u00e9mocratique et prosp\u00e8re. \u00abCertaines th\u00e9matiques abord\u00e9es lors de vos \u00e9changes, en raison de leur caract\u00e8re d\u2019int\u00e9r\u00eat national, m\u2019invitent \u00e0 \u00e9largir la r\u00e9flexion \u00e0 d\u2019autres acteurs de la vie nationale. Il en est ainsi notamment de la r\u00e9conciliation nationale, de la coh\u00e9sion sociale, de l\u2019autorit\u00e9 de l\u2019Etat et de l\u2019incivisme, tout comme certains aspects sur les questions s\u00e9curitaires\u00bb, a fait savoir le chef de l\u2019Etat.<\/p>\n<p>Abdoulaye BALBONE<\/p>\n<div class=\"td-a-rec td-a-rec-id-content_bottom td_uid_30_5d377fb4027f2_rand td_block_template_1\"><img loading=\"lazy\" decoding=\"async\" class=\"aligncenter size-full wp-image-9623\" src=\"https:\/\/www.sidwaya.info\/wp-content\/uploads\/2019\/06\/Projet-bannie%CC%80re-Orange-mobile.jpg\" alt=\"\" width=\"728\" height=\"81\"\/><\/div>\n<p>Auteur: BM. Sidwaya<br \/>\n<a href=\"https:\/\/www.sidwaya.info\/blog\/2019\/07\/22\/dialogue-politique-la-carte-consulaire-aux-elections-seul-couac\/\">Cliquez ici pour lire l&rsquo;article depuis sa source.<\/a><\/p>\n","protected":false},"excerpt":{"rendered":"<p>Le dialogue politique, d\u00e9but\u00e9 le 15 juillet dernier, s\u2019est achev\u00e9, le lundi 22 juillet 2019 \u00e0 Kosyam, en pr\u00e9sence de l\u2019initiateur, le pr\u00e9sident Roch Marc Christian Kabor\u00e9. La rencontre a abouti \u00e0 plusieurs points de consensus et un seul sujet de d\u00e9saccord, \u00e0 savoir la non-prise en compte de la carte consulaire biom\u00e9trique aux \u00e9lections [&hellip;]<\/p>\n","protected":false},"author":1816,"featured_media":0,"comment_status":"closed","ping_status":"closed","sticky":false,"template":"","format":"standard","meta":{"fifu_image_url":"","fifu_image_alt":"","footnotes":""},"categories":[73,81],"tags":[],"class_list":["post-48007","post","type-post","status-publish","format-standard","hentry","category-actualite","category-burkina-faso"],"_links":{"self":[{"href":"https:\/\/linitiative.ca\/International\/wp-json\/wp\/v2\/posts\/48007","targetHints":{"allow":["GET"]}}],"collection":[{"href":"https:\/\/linitiative.ca\/International\/wp-json\/wp\/v2\/posts"}],"about":[{"href":"https:\/\/linitiative.ca\/International\/wp-json\/wp\/v2\/types\/post"}],"author":[{"embeddable":true,"href":"https:\/\/linitiative.ca\/International\/wp-json\/wp\/v2\/users\/1816"}],"replies":[{"embeddable":true,"href":"https:\/\/linitiative.ca\/International\/wp-json\/wp\/v2\/comments?post=48007"}],"version-history":[{"count":0,"href":"https:\/\/linitiative.ca\/International\/wp-json\/wp\/v2\/posts\/48007\/revisions"}],"wp:attachment":[{"href":"https:\/\/linitiative.ca\/International\/wp-json\/wp\/v2\/media?parent=48007"}],"wp:term":[{"taxonomy":"category","embeddable":true,"href":"https:\/\/linitiative.ca\/International\/wp-json\/wp\/v2\/categories?post=48007"},{"taxonomy":"post_tag","embeddable":true,"href":"https:\/\/linitiative.ca\/International\/wp-json\/wp\/v2\/tags?post=48007"}],"curies":[{"name":"wp","href":"https:\/\/api.w.org\/{rel}","templated":true}]}}