{"id":48008,"date":"2019-07-22T18:47:42","date_gmt":"2019-07-22T22:47:42","guid":{"rendered":"https:\/\/linitiative.ca\/International\/economie-informelle-lacces-aux-credits-preoccupe-les-acteurs\/"},"modified":"2019-07-22T18:47:42","modified_gmt":"2019-07-22T22:47:42","slug":"economie-informelle-lacces-aux-credits-preoccupe-les-acteurs","status":"publish","type":"post","link":"https:\/\/linitiative.ca\/International\/economie-informelle-lacces-aux-credits-preoccupe-les-acteurs\/","title":{"rendered":"Economie informelle: l\u2019acc\u00e8s aux cr\u00e9dits pr\u00e9occupe les acteurs"},"content":{"rendered":"<div class=\"td-post-featured-image\"><a href=\"https:\/\/i2.wp.com\/www.sidwaya.info\/wp-content\/uploads\/2019\/07\/forum23.gif?fit=787%2C525&#038;ssl=1\" data-caption=\"\"><img loading=\"lazy\" decoding=\"async\" width=\"696\" height=\"464\" class=\"entry-thumb td-modal-image\" src=\"https:\/\/i2.wp.com\/www.sidwaya.info\/wp-content\/uploads\/2019\/07\/forum23.gif?resize=696%2C464&#038;ssl=1\" alt=\"\" title=\"forum23\"\/><\/a><\/div>\n<p><strong>D\u00e9but\u00e9 le 18 juillet dernier, la troisi\u00e8me \u00e9dition du forum national de l\u2019\u00e9conomie informelle a clos ses travaux, le lundi 22 juillet 2019, \u00e0 Ouagadougou par des \u00e9changes directs avec le chef de l\u2019Etat, Roch Marc Christian Kabor\u00e9.<\/strong><\/p>\n<p>Apr\u00e8s trois jours de travaux sur le th\u00e8me \u00abQuelles strat\u00e9gies pour une formalisation plus accrue et une facilitation des activit\u00e9s des unit\u00e9s \u00e9conomiques informelles agricoles et non agricoles\u00bb, les participants au troisi\u00e8me Forum national de l\u2019\u00e9conomie informelle ont eu des \u00e9changes directs avec le pr\u00e9sident du Faso, Roch Marc Christian Kabor\u00e9. Durant plus de deux heures, les repr\u00e9sentants de l\u2019\u00e9conomie informelle de chaque r\u00e9gion ont expos\u00e9 au pr\u00e9sident du Faso leurs pr\u00e9occupations auxquelles le gouvernement a donn\u00e9 des r\u00e9ponses. D\u2019entr\u00e9e, le pr\u00e9sident Kabor\u00e9 s\u2019est r\u00e9joui de la tenue de ce cadre de rencontre entre les acteurs de l\u2019informel. \u00abLe non suivi des recommandations de la derni\u00e8re \u00e9dition nous interpelle \u00e0 tirer des le\u00e7ons et \u00e0 le tenir r\u00e9guli\u00e8rement. Le secteur informel joue un r\u00f4le important dans l\u2019\u00e9conomie de notre pays. Il est important que nous l\u2019accompagnions afin de donner plus de moyens aux acteurs\u00bb, a soutenu le chef de l\u2019Etat. Les pr\u00e9occupations des participants se r\u00e9sument notamment en la r\u00e9glementation du commerce au Burkina, l\u2019acc\u00e8s aux cr\u00e9dits, la facilitation de l\u2019acc\u00e8s au foncier mais aussi \u00e0 la valorisation des produits locaux. Les acteurs ont, \u00e9galement, plaid\u00e9 pour la construction de magasins de stockage des produits agricoles, la prise en compte du m\u00e9tier de tissage dans l\u2019examen du Certificat de qualification professionnelle (CQP) ainsi que la prise de dispositifs s\u00e9curitaires dans les zones en proie aux attaques terroristes. Avant de r\u00e9pondre aux intervenants, Roch Marc Christian Kabor\u00e9 a invit\u00e9 des membres du gouvernement a donn\u00e9 des \u00e9l\u00e9ments de r\u00e9ponses aux questions concernant leur domaine.<\/p>\n<p>Une initiative salu\u00e9e<\/p>\n<p>Ainsi le ministre de l\u2019Agriculture et des Am\u00e9nagements hydro-agricoles, Salif Ou\u00e9draogo, a indiqu\u00e9 que plusieurs projets sont en cours de mise en \u0153uvre et permettront de r\u00e9soudre les probl\u00e8mes de production, de transformation et de stockage. \u00abSur le foncier, nous travaillons \u00e0 mettre en place dans chaque commune un service foncier afin de faciliter l\u2019acquisition de certains documents\u00bb, a pr\u00e9cis\u00e9 Salif Ou\u00e9draogo.<br \/>Le ministre des Ressources animales et halieutiques, Sommanogo Koutou, a confi\u00e9 sur les unit\u00e9s de transformation, que des abattoirs sont en construction, notamment \u00e0 Kaya et \u00e0 Pouytenga. \u00abConcernant la production des aliments pour b\u00e9tail, l\u2019Etat ne peut pas tout produire. C\u2019est pourquoi, nous mettons l\u2019accent sur la production fourrag\u00e8re par les jeunes form\u00e9s\u00bb, a dit le premier responsable du d\u00e9partement des Ressources animales. Pour sa part, le pr\u00e9sident Kabor\u00e9 a laiss\u00e9 entendre que le souhait de son gouvernement est que l\u2019\u00e9conomie soit am\u00e9lior\u00e9e. Cependant, a-t-il soulign\u00e9, pour certains secteurs, il faut une contribution du priv\u00e9. \u00abJe vous recommande de vous associer pour pouvoir d\u00e9velopper vos activit\u00e9s. Vous devrez travaillez de fa\u00e7on r\u00e9aliste, sinon nous ne moderniserons rien. Je vous invite \u00e9galement \u00e0 mettre en place une structure nationale de l\u2019\u00e9conomie informelle sur laquelle nous pourrions d\u00e9finir les modes de financement pour \u00e9viter les cr\u00e9dits non rembours\u00e9s\u00bb, a sugg\u00e9r\u00e9 le chef de l\u2019Etat. Du reste, il a rassur\u00e9 que l\u2019ex\u00e9cutif va mettre en \u0153uvre les recommandations. A la fin des \u00e9changes, les participants ont salu\u00e9 l\u2019initiative. \u00abTout ce que nous souhaitons est que le pr\u00e9sident du Faso r\u00e9alise ce qu\u2019il a promis\u00bb, a fait savoir, Evariste Bayala, venu de la r\u00e9gion du Centre-Ouest. Pour Benjamin Kabor\u00e9, avec la reprise du forum et de la tenue du dialogue direct, les acteurs de l\u2019\u00e9conomie informelle sentent d\u00e9sormais que le gouvernement se pr\u00e9occupe de leurs activit\u00e9s. \u00abEn tant que femmes, nous avons des difficult\u00e9s de financement de nos activit\u00e9s. Le pr\u00e9sident a donn\u00e9 des r\u00e9ponses satisfaisantes. Mais nous attendons de voir les r\u00e9alisations\u00bb, a rench\u00e9ri Awa Konat\u00e9 de la r\u00e9gion du Centre.<\/p>\n<p>Joseph HARO<\/p>\n<div class=\"td-a-rec td-a-rec-id-content_bottom td_uid_30_5d377fb71dcbb_rand td_block_template_1\"><img loading=\"lazy\" decoding=\"async\" class=\"aligncenter size-full wp-image-9623\" src=\"https:\/\/www.sidwaya.info\/wp-content\/uploads\/2019\/06\/Projet-bannie%CC%80re-Orange-mobile.jpg\" alt=\"\" width=\"728\" height=\"81\"\/><\/div>\n<p>Auteur: BM. Sidwaya<br \/>\n<a href=\"https:\/\/www.sidwaya.info\/blog\/2019\/07\/22\/economie-informelle-lacces-aux-credits-preoccupe-les-acteurs\/\">Cliquez ici pour lire l&rsquo;article depuis sa source.<\/a><\/p>\n","protected":false},"excerpt":{"rendered":"<p>D\u00e9but\u00e9 le 18 juillet dernier, la troisi\u00e8me \u00e9dition du forum national de l\u2019\u00e9conomie informelle a clos ses travaux, le lundi 22 juillet 2019, \u00e0 Ouagadougou par des \u00e9changes directs avec le chef de l\u2019Etat, Roch Marc Christian Kabor\u00e9. Apr\u00e8s trois jours de travaux sur le th\u00e8me \u00abQuelles strat\u00e9gies pour une formalisation plus accrue et une [&hellip;]<\/p>\n","protected":false},"author":1816,"featured_media":0,"comment_status":"closed","ping_status":"closed","sticky":false,"template":"","format":"standard","meta":{"fifu_image_url":"","fifu_image_alt":"","footnotes":""},"categories":[73,81],"tags":[],"class_list":["post-48008","post","type-post","status-publish","format-standard","hentry","category-actualite","category-burkina-faso"],"_links":{"self":[{"href":"https:\/\/linitiative.ca\/International\/wp-json\/wp\/v2\/posts\/48008","targetHints":{"allow":["GET"]}}],"collection":[{"href":"https:\/\/linitiative.ca\/International\/wp-json\/wp\/v2\/posts"}],"about":[{"href":"https:\/\/linitiative.ca\/International\/wp-json\/wp\/v2\/types\/post"}],"author":[{"embeddable":true,"href":"https:\/\/linitiative.ca\/International\/wp-json\/wp\/v2\/users\/1816"}],"replies":[{"embeddable":true,"href":"https:\/\/linitiative.ca\/International\/wp-json\/wp\/v2\/comments?post=48008"}],"version-history":[{"count":0,"href":"https:\/\/linitiative.ca\/International\/wp-json\/wp\/v2\/posts\/48008\/revisions"}],"wp:attachment":[{"href":"https:\/\/linitiative.ca\/International\/wp-json\/wp\/v2\/media?parent=48008"}],"wp:term":[{"taxonomy":"category","embeddable":true,"href":"https:\/\/linitiative.ca\/International\/wp-json\/wp\/v2\/categories?post=48008"},{"taxonomy":"post_tag","embeddable":true,"href":"https:\/\/linitiative.ca\/International\/wp-json\/wp\/v2\/tags?post=48008"}],"curies":[{"name":"wp","href":"https:\/\/api.w.org\/{rel}","templated":true}]}}