{"id":48017,"date":"2019-07-23T12:05:31","date_gmt":"2019-07-23T16:05:31","guid":{"rendered":"https:\/\/linitiative.ca\/International\/rencontre-gouvernement-syndicats-reportee-le-communique-de-luas\/"},"modified":"2019-07-23T12:05:31","modified_gmt":"2019-07-23T16:05:31","slug":"rencontre-gouvernement-syndicats-reportee-le-communique-de-luas","status":"publish","type":"post","link":"https:\/\/linitiative.ca\/International\/rencontre-gouvernement-syndicats-reportee-le-communique-de-luas\/","title":{"rendered":"\u00a0Rencontre gouvernement\/syndicats report\u00e9e: le communiqu\u00e9 de l\u2019UAS"},"content":{"rendered":"<p>L\u2019Unit\u00e9 d\u2019Action Syndicale (UAS) a rencontr\u00e9 le 5 juillet 2019 le Premier Ministre et sa d\u00e9l\u00e9gation \u00e0 sa demande par correspondance N\u00b019-023\/MFPTPS\/CAB, sur les conditions de reprise de la rencontre Gouvernement\/syndicats suspendue depuis le 21 mai 2019.<\/p>\n<p>Son Excellence Monsieur le Premier Ministre a d\u00e9clin\u00e9 un chronogramme autour de cette reprise en annon\u00e7ant la mise en place d\u2019un Comit\u00e9 compos\u00e9 de repr\u00e9sentants de l\u2019Unit\u00e9 d\u2019Action Syndicale (UAS) et du Gouvernement en vue de se pencher sur les propositions faites par le Gouvernement en 2015 \u00e0 l\u2019issue de l\u2019\u00e9tude technique. A cet effet, le Premier Ministre a promis de transmettre des documents comportant le point des travaux du comit\u00e9 technique sur la question de l\u2019IUTS, la lettre demandant la d\u00e9signation des repr\u00e9sentants de l\u2019UAS pour le nouveau comit\u00e9 paritaire ainsi que le projet de chronogramme des travaux dudit comit\u00e9 dont les conclusions devaient permettre la reprise de la rencontre Gouvernement\/syndicats. La d\u00e9l\u00e9gation de l\u2019UAS a signifi\u00e9 qu\u2019elle avisera quand elle recevra les documents annonc\u00e9s.<\/p>\n<p>Le jeudi 11 juillet 2019 par correspondance N\u00b02019-803\/MFPTPS\/CAB, annex\u00e9e d\u2019un programme des travaux du Comit\u00e9 bipartite, le Gouvernement a demand\u00e9 \u00e0 l\u2019UAS de communiquer les noms de ses repr\u00e9sentants. Le vendredi 12 juillet 2019, l\u2019UAS a transmis par correspondance N\/R\u00e9f\u00a0: n\u00b0025UAS\/CS\/PDM\/2019\/SGA, les noms de ses repr\u00e9sentants.<\/p>\n<p>Le mardi 16 juillet 2019, les repr\u00e9sentants syndicaux se sont pr\u00e9sent\u00e9s au Premier Minist\u00e8re \u00e0 8h30 pour les travaux. A leur arriv\u00e9e sur les lieux, c\u2019est d\u2019abord la s\u00e9curit\u00e9 qui s\u2019est \u00e9tonn\u00e9e de leur pr\u00e9sence car elle n\u2019\u00e9tait pas au courant de travaux pr\u00e9vus sur les lieux. Apr\u00e8s quelques appels, les repr\u00e9sentants syndicaux sont autoris\u00e9s \u00e0 avoir acc\u00e8s \u00e0 la Cour du Premier Minist\u00e8re. Une fois \u00e0 l\u2019int\u00e9rieur, ils constatent qu\u2019aucune salle n\u2019a \u00e9t\u00e9 pr\u00e9vue pour les travaux.<\/p>\n<p>Apr\u00e8s des moments d\u2019attente, ils seront renvoy\u00e9s au Minist\u00e8re de la Fonction Publique, du Travail et de la Protection Sociale (MFPTPS) pour la suite. A leur grande surprise, la rencontre ne serait pas pour discuter sur des propositions du Gouvernement comme annonc\u00e9es auparavant, mais ils s\u2019entendent r\u00e9affirmer la m\u00eame position du Gouvernement qui est la g\u00e9n\u00e9ralisation de l\u2019application de l\u2019IUTS sur les Primes et indemnit\u00e9s.<\/p>\n<p>Les repr\u00e9sentants syndicaux en ad\u00e9quation avec leur lettre de mission ont expliqu\u00e9 aux techniciens du Gouvernement que la revendication n\u2019est pas une annulation de l\u2019IUTS sur les salaires, mais plut\u00f4t sur les primes et indemnit\u00e9s dans les secteurs Priv\u00e9 et parapublic. Dans la poursuite des discussions, la partie gouvernementale a propos\u00e9 de faire parvenir \u00e0 celle syndicale d\u2019autres propositions au plus tard le vendredi 19 juillet 2019 \u00e0 18 heures00.<\/p>\n<p>C\u2019est dans ce contexte pr\u00e9cis que l\u2019UAS a re\u00e7u la correspondance N\u00b02019-807\/MFPTPS\/SG\/DGT\/DRPPDS du 19 juillet 2019, du Ministre de la Fonction Publique, du Travail et de la protection Sociale, annon\u00e7ant le report de la rencontre initialement pr\u00e9vue d\u00e9buter le 22 juillet, au 23 juillet 2019 avec un ordre du jour qui n\u2019\u00e9voque nulle part les travaux de ce comit\u00e9 bipartite mis en place en grande annonce publicitaire pour la reprise de la rencontre Gouvernement\/Syndicats. En plus, un troisi\u00e8me point de l\u2019ordre du jour portant sur <em>\u00ab\u00a0l\u2019examen des autres revendications sectorielles\u00a0\u00bb<\/em> est subtilement introduit sans que l\u2019UAS ne sache exactement qui sont les porteurs de ces revendications\u00a0!<\/p>\n<p>Au vu de ce qui pr\u00e9c\u00e8de, l\u2019Unit\u00e9 d\u2019Action Syndicale (UAS) n\u2019est pas pr\u00eate \u00e0 se livrer \u00e0 ce jeu de cache-cache\u00a0! Toutefois, elle ira \u00e0 toute rencontre convoqu\u00e9e sur la base du principe du respect de la parole donn\u00e9e. Mieux, elle n\u2019emp\u00eache pas ses membres de discuter de questions sectorielles avec le Gouvernement. Dans ce sens, elle encourage le Gouvernement \u00e0 engager des discussions s\u00e9rieuses avec ses partenaires sectoriels.<\/p>\n<p>L\u2019UAS invite instamment le Gouvernement \u00e0 mettre davantage du s\u00e9rieux dans la pr\u00e9paration et la convocation de la rencontre Gouvernement\/syndicats en vue de trouver des solutions aux pr\u00e9occupations \u00e0 lui soumises. Par ailleurs, elle invite ses militants et militantes, l\u2019ensemble des travailleurs et travailleuses \u00e0 rester mobilis\u00e9s pour la mise en \u0153uvre de tout mot d\u2019ordre qu\u2019exigerait l\u2019\u00e9volution de la situation.<\/p>\n<p>Pour les Centrales Syndicales\u00a0\u00a0\u00a0\u00a0\u00a0\u00a0\u00a0\u00a0\u00a0\u00a0\u00a0\u00a0\u00a0\u00a0\u00a0\u00a0 \u00a0\u00a0\u00a0\u00a0\u00a0\u00a0\u00a0\u00a0\u00a0\u00a0\u00a0\u00a0\u00a0\u00a0\u00a0\u00a0\u00a0\u00a0\u00a0\u00a0\u00a0\u00a0\u00a0\u00a0\u00a0\u00a0\u00a0\u00a0\u00a0\u00a0\u00a0\u00a0\u00a0\u00a0\u00a0\u00a0\u00a0\u00a0\u00a0\u00a0\u00a0\u00a0\u00a0\u00a0Pour les Syndicats Autonomes<\/p>\n<p>Le Vice-Pr\u00e9sident De Mois\u00a0\u00a0\u00a0\u00a0\u00a0\u00a0\u00a0\u00a0\u00a0\u00a0\u00a0\u00a0\u00a0\u00a0\u00a0\u00a0\u00a0\u00a0\u00a0\u00a0\u00a0\u00a0\u00a0\u00a0\u00a0\u00a0\u00a0\u00a0\u00a0\u00a0\u00a0\u00a0\u00a0\u00a0\u00a0 \u00a0\u00a0\u00a0\u00a0\u00a0\u00a0\u00a0\u00a0\u00a0\u00a0\u00a0\u00a0\u00a0\u00a0\u00a0\u00a0\u00a0\u00a0\u00a0\u00a0\u00a0\u00a0Le Pr\u00e9sident De Mois<\/p>\n<p>Bassolma BAZIE\u00a0\u00a0\u00a0\u00a0\u00a0\u00a0\u00a0\u00a0\u00a0\u00a0\u00a0\u00a0\u00a0\u00a0\u00a0\u00a0\u00a0\u00a0\u00a0\u00a0\u00a0\u00a0\u00a0\u00a0\u00a0\u00a0\u00a0\u00a0\u00a0\u00a0\u00a0\u00a0\u00a0\u00a0\u00a0\u00a0\u00a0\u00a0\u00a0\u00a0\u00a0\u00a0\u00a0\u00a0\u00a0\u00a0\u00a0\u00a0\u00a0\u00a0\u00a0\u00a0\u00a0 \u00a0\u00a0\u00a0\u00a0\u00a0\u00a0\u00a0\u00a0\u00a0\u00a0\u00a0\u00a0\u00a0\u00a0\u00a0\u00a0\u00a0\u00a0\u00a0\u00a0Pascal OUEDRAOGO<\/p>\n<p>Secr\u00e9taire G\u00e9n\u00e9ral Conf\u00e9d\u00e9ral\/CGT-B\u00a0\u00a0\u00a0\u00a0\u00a0\u00a0\u00a0\u00a0\u00a0\u00a0\u00a0\u00a0\u00a0\u00a0\u00a0\u00a0\u00a0\u00a0\u00a0\u00a0\u00a0\u00a0\u00a0\u00a0\u00a0\u00a0\u00a0\u00a0\u00a0\u00a0\u00a0\u00a0\u00a0\u00a0\u00a0\u00a0\u00a0 \u00a0\u00a0\u00a0\u00a0\u00a0\u00a0\u00a0\u00a0\u00a0\u00a0\u00a0\u00a0\u00a0\u00a0\u00a0\u00a0\u00a0Secr\u00e9taire G\u00e9n\u00e9ral\/SAIB<\/p>\n<div class=\"td-a-rec td-a-rec-id-content_bottom td_uid_30_5d377fcbe3995_rand td_block_template_1\"><img loading=\"lazy\" decoding=\"async\" class=\"aligncenter size-full wp-image-9623\" src=\"https:\/\/www.sidwaya.info\/wp-content\/uploads\/2019\/06\/Projet-bannie%CC%80re-Orange-mobile.jpg\" alt=\"\" width=\"728\" height=\"81\"\/><\/div>\n<p>Auteur: BS. Sidwaya<br \/>\n<a href=\"https:\/\/www.sidwaya.info\/blog\/2019\/07\/23\/rencontre-gouvernement-syndicats-reportee-le-communique-de-luas\/\">Cliquez ici pour lire l&rsquo;article depuis sa source.<\/a><\/p>\n","protected":false},"excerpt":{"rendered":"<p>L\u2019Unit\u00e9 d\u2019Action Syndicale (UAS) a rencontr\u00e9 le 5 juillet 2019 le Premier Ministre et sa d\u00e9l\u00e9gation \u00e0 sa demande par correspondance N\u00b019-023\/MFPTPS\/CAB, sur les conditions de reprise de la rencontre Gouvernement\/syndicats suspendue depuis le 21 mai 2019. Son Excellence Monsieur le Premier Ministre a d\u00e9clin\u00e9 un chronogramme autour de cette reprise en annon\u00e7ant la mise [&hellip;]<\/p>\n","protected":false},"author":1816,"featured_media":48018,"comment_status":"closed","ping_status":"closed","sticky":false,"template":"","format":"standard","meta":{"fifu_image_url":"","fifu_image_alt":"","footnotes":""},"categories":[73,81],"tags":[],"class_list":["post-48017","post","type-post","status-publish","format-standard","has-post-thumbnail","hentry","category-actualite","category-burkina-faso"],"_links":{"self":[{"href":"https:\/\/linitiative.ca\/International\/wp-json\/wp\/v2\/posts\/48017","targetHints":{"allow":["GET"]}}],"collection":[{"href":"https:\/\/linitiative.ca\/International\/wp-json\/wp\/v2\/posts"}],"about":[{"href":"https:\/\/linitiative.ca\/International\/wp-json\/wp\/v2\/types\/post"}],"author":[{"embeddable":true,"href":"https:\/\/linitiative.ca\/International\/wp-json\/wp\/v2\/users\/1816"}],"replies":[{"embeddable":true,"href":"https:\/\/linitiative.ca\/International\/wp-json\/wp\/v2\/comments?post=48017"}],"version-history":[{"count":0,"href":"https:\/\/linitiative.ca\/International\/wp-json\/wp\/v2\/posts\/48017\/revisions"}],"wp:featuredmedia":[{"embeddable":true,"href":"https:\/\/linitiative.ca\/International\/wp-json\/"}],"wp:attachment":[{"href":"https:\/\/linitiative.ca\/International\/wp-json\/wp\/v2\/media?parent=48017"}],"wp:term":[{"taxonomy":"category","embeddable":true,"href":"https:\/\/linitiative.ca\/International\/wp-json\/wp\/v2\/categories?post=48017"},{"taxonomy":"post_tag","embeddable":true,"href":"https:\/\/linitiative.ca\/International\/wp-json\/wp\/v2\/tags?post=48017"}],"curies":[{"name":"wp","href":"https:\/\/api.w.org\/{rel}","templated":true}]}}