{"id":48019,"date":"2019-07-23T13:18:07","date_gmt":"2019-07-23T17:18:07","guid":{"rendered":"https:\/\/linitiative.ca\/International\/ouattara-sollicite-pour-aider-a-la-stabilisation-politique-en-guinee-bissau\/"},"modified":"2019-07-23T13:18:07","modified_gmt":"2019-07-23T17:18:07","slug":"ouattara-sollicite-pour-aider-a-la-stabilisation-politique-en-guinee-bissau","status":"publish","type":"post","link":"https:\/\/linitiative.ca\/International\/ouattara-sollicite-pour-aider-a-la-stabilisation-politique-en-guinee-bissau\/","title":{"rendered":"Ouattara sollicit\u00e9 pour \u00abaider \u00e0 la stabilisation\u00bb politique en Guin\u00e9e-Bissau"},"content":{"rendered":"<div readability=\"32\">\n<p>Publi\u00e9 le 23.07.2019 \u00e0 18h18 par APA News<\/p>\n<\/div>\n<div readability=\"55\">\n<p>Le pr\u00e9sident ivoirien Alassane Ouattara a \u00e9t\u00e9 sollicit\u00e9 mardi \u00e0 Abidjan pour \u00ab aider \u00e0 la stabilisation\u00bb politique de la Guin\u00e9e-Bissau qui a \u00e9t\u00e9 secou\u00e9e par une crise pendant plusieurs mois, a appris APA de source officielle dans la capitale \u00e9conomique ivoirienne.\u00ab Nous sommes venus encore une fois, pour non seulement remercier le pr\u00e9sident Alassane Ouattara, mais aussi pour lui demander de poursuivre le travail qu\u2019il est en train de faire pour aider \u00e0 la stabilisation de la Guin\u00e9e-Bissau\u00bb, a d\u00e9clar\u00e9 \u00a0Aristide Gomes, le premier ministre Bissau-guin\u00e9en \u00e0 l\u2019issue d\u2019une audience au palais pr\u00e9sidentiel d\u2019Abidjan avec le chef de l\u2019\u00c9tat ivoirien, Alassane Ouattara.<\/p>\n<p>\u00ab On va r\u00e9aliser au mois de novembre les \u00e9lections pr\u00e9sidentielles qui devront en principe fermer le cycle de la crise politique. Encore une fois, le pr\u00e9sident Ouattara est l\u00e0 pour nous servir de personnage qui va pouvoir influencer les cours des choses au sein de l\u2019Union \u00e9conomique et mon\u00e9taire ouest-africaine (UEMOA), la Communaut\u00e9 \u00e9conomique des Etats de l\u2019Afrique de l\u2019ouest (CEDEAO) et de la communaut\u00e9 internationale d\u2019une mani\u00e8re g\u00e9n\u00e9rale \u00bb, a indiqu\u00e9 M. Gomes .<\/p>\n<p>\u00a0\u00abNous comptons beaucoup sur le pr\u00e9sident Ouattara\u00bb, a-t-il insist\u00e9, soutenant que le num\u00e9ro un ivoirien \u00ab tient beaucoup \u00e0 la stabilisation de la Guin\u00e9e-Bissau et de la sous-r\u00e9gion d\u2019une mani\u00e8re g\u00e9n\u00e9rale \u00bb.<\/p>\n<\/div>\n<p>Auteur: APA News<br \/>\n<a href=\"https:\/\/www.journalducameroun.com\/ouattara-sollicite-pour-aider-a-la-stabilisation-politique-en-guinee-bissau\/\">Cliquez ici pour lire l&rsquo;article depuis sa source.<\/a><\/p>\n","protected":false},"excerpt":{"rendered":"<p>Publi\u00e9 le 23.07.2019 \u00e0 18h18 par APA News Le pr\u00e9sident ivoirien Alassane Ouattara a \u00e9t\u00e9 sollicit\u00e9 mardi \u00e0 Abidjan pour \u00ab aider \u00e0 la stabilisation\u00bb politique de la Guin\u00e9e-Bissau qui a \u00e9t\u00e9 secou\u00e9e par une crise pendant plusieurs mois, a appris APA de source officielle dans la capitale \u00e9conomique ivoirienne.\u00ab Nous sommes venus encore une [&hellip;]<\/p>\n","protected":false},"author":1965,"featured_media":0,"comment_status":"closed","ping_status":"closed","sticky":false,"template":"","format":"standard","meta":{"fifu_image_url":"","fifu_image_alt":"","footnotes":""},"categories":[73,82],"tags":[],"class_list":["post-48019","post","type-post","status-publish","format-standard","hentry","category-actualite","category-cameroun"],"_links":{"self":[{"href":"https:\/\/linitiative.ca\/International\/wp-json\/wp\/v2\/posts\/48019","targetHints":{"allow":["GET"]}}],"collection":[{"href":"https:\/\/linitiative.ca\/International\/wp-json\/wp\/v2\/posts"}],"about":[{"href":"https:\/\/linitiative.ca\/International\/wp-json\/wp\/v2\/types\/post"}],"author":[{"embeddable":true,"href":"https:\/\/linitiative.ca\/International\/wp-json\/wp\/v2\/users\/1965"}],"replies":[{"embeddable":true,"href":"https:\/\/linitiative.ca\/International\/wp-json\/wp\/v2\/comments?post=48019"}],"version-history":[{"count":0,"href":"https:\/\/linitiative.ca\/International\/wp-json\/wp\/v2\/posts\/48019\/revisions"}],"wp:attachment":[{"href":"https:\/\/linitiative.ca\/International\/wp-json\/wp\/v2\/media?parent=48019"}],"wp:term":[{"taxonomy":"category","embeddable":true,"href":"https:\/\/linitiative.ca\/International\/wp-json\/wp\/v2\/categories?post=48019"},{"taxonomy":"post_tag","embeddable":true,"href":"https:\/\/linitiative.ca\/International\/wp-json\/wp\/v2\/tags?post=48019"}],"curies":[{"name":"wp","href":"https:\/\/api.w.org\/{rel}","templated":true}]}}