{"id":48020,"date":"2019-07-23T13:18:10","date_gmt":"2019-07-23T17:18:10","guid":{"rendered":"https:\/\/linitiative.ca\/International\/production-agricole-la-mauritanie-table-sur-504-789-tonnes-en-2020\/"},"modified":"2019-07-23T13:18:10","modified_gmt":"2019-07-23T17:18:10","slug":"production-agricole-la-mauritanie-table-sur-504-789-tonnes-en-2020","status":"publish","type":"post","link":"https:\/\/linitiative.ca\/International\/production-agricole-la-mauritanie-table-sur-504-789-tonnes-en-2020\/","title":{"rendered":"Production agricole : la Mauritanie table sur 504 789 tonnes en 2020"},"content":{"rendered":"<div readability=\"32\">\n<p>Publi\u00e9 le 23.07.2019 \u00e0 18h18 par APA News<\/p>\n<\/div>\n<div readability=\"67\">\n<p>La Mauritanie vise une production agricole de 504.789 tonnes pour la saison 2019 \u2013 2020 lanc\u00e9e mardi par le pr\u00e9sident Mohamed Ould Abdel Aziz dans la r\u00e9gion du Brakna, a appris appris de source officielle \u00e0 Nouakchott.Cette pr\u00e9vision est compos\u00e9e de 356.883 tonnes de paddy et 47.906 tonnes de diverses c\u00e9r\u00e9ales, a pr\u00e9cis\u00e9 la m\u00eame source, ajoutant qu\u2019un total de 319.707 hectares seront exploit\u00e9s \u00e0 cette fin, avec 67.894 ha r\u00e9serv\u00e9s au secteur irrigu\u00e9 et 251.818 ha au pluvial.<\/p>\n<p>Dans un discours prononc\u00e9 \u00e0 cet occasion, la ministre du D\u00e9veloppement rural, Lemina Mint El Kotob Ould Momma, a soulign\u00e9 que les surfaces cultiv\u00e9es annuellement dans son pays sont pass\u00e9es de 13.428 ha en 2009 \u2013 2010 \u00e0 62.829 ha en 2018 \u2013 2019.<\/p>\n<p>Cela a permis, a-t-elle expliqu\u00e9, de porter la production brute 53.569 tonnes pour la campagne 2009 \u2013 2010 \u00e0 322.290 tonnes en 2018-2019, avec respectivement un rendement de 3,9 et 5,1 tonnes.<\/p>\n<p>La ministre a par ailleurs indiqu\u00e9 que le nombre de palmiers dattiers en Mauritanie est pass\u00e9 de 2,4 millions en 2009 \u00e0 2, 9 millions en 2017, avec une augmentation de la production annuelle passant de 50.400 tonnes de dattes \u00e0 64600 tonnes sur la m\u00eame p\u00e9riode.<\/p>\n<p>Selon elle, le taux de d\u00e9veloppement du secteur de l\u2019agriculture est pass\u00e9 de 0,4 % en 2009 \u00e0 6,7 % en 2018.<\/p>\n<\/div>\n<p>Auteur: APA News<br \/>\n<a href=\"https:\/\/www.journalducameroun.com\/production-agricole-la-mauritanie-table-sur-504-789-tonnes-en-2020\/\">Cliquez ici pour lire l&rsquo;article depuis sa source.<\/a><\/p>\n","protected":false},"excerpt":{"rendered":"<p>Publi\u00e9 le 23.07.2019 \u00e0 18h18 par APA News La Mauritanie vise une production agricole de 504.789 tonnes pour la saison 2019 \u2013 2020 lanc\u00e9e mardi par le pr\u00e9sident Mohamed Ould Abdel Aziz dans la r\u00e9gion du Brakna, a appris appris de source officielle \u00e0 Nouakchott.Cette pr\u00e9vision est compos\u00e9e de 356.883 tonnes de paddy et 47.906 [&hellip;]<\/p>\n","protected":false},"author":1965,"featured_media":0,"comment_status":"closed","ping_status":"closed","sticky":false,"template":"","format":"standard","meta":{"fifu_image_url":"","fifu_image_alt":"","footnotes":""},"categories":[73,82],"tags":[],"class_list":["post-48020","post","type-post","status-publish","format-standard","hentry","category-actualite","category-cameroun"],"_links":{"self":[{"href":"https:\/\/linitiative.ca\/International\/wp-json\/wp\/v2\/posts\/48020","targetHints":{"allow":["GET"]}}],"collection":[{"href":"https:\/\/linitiative.ca\/International\/wp-json\/wp\/v2\/posts"}],"about":[{"href":"https:\/\/linitiative.ca\/International\/wp-json\/wp\/v2\/types\/post"}],"author":[{"embeddable":true,"href":"https:\/\/linitiative.ca\/International\/wp-json\/wp\/v2\/users\/1965"}],"replies":[{"embeddable":true,"href":"https:\/\/linitiative.ca\/International\/wp-json\/wp\/v2\/comments?post=48020"}],"version-history":[{"count":0,"href":"https:\/\/linitiative.ca\/International\/wp-json\/wp\/v2\/posts\/48020\/revisions"}],"wp:attachment":[{"href":"https:\/\/linitiative.ca\/International\/wp-json\/wp\/v2\/media?parent=48020"}],"wp:term":[{"taxonomy":"category","embeddable":true,"href":"https:\/\/linitiative.ca\/International\/wp-json\/wp\/v2\/categories?post=48020"},{"taxonomy":"post_tag","embeddable":true,"href":"https:\/\/linitiative.ca\/International\/wp-json\/wp\/v2\/tags?post=48020"}],"curies":[{"name":"wp","href":"https:\/\/api.w.org\/{rel}","templated":true}]}}