{"id":48021,"date":"2019-07-23T13:18:12","date_gmt":"2019-07-23T17:18:12","guid":{"rendered":"https:\/\/linitiative.ca\/International\/40-000-nouveaux-refugies-camerounais-enregistres-au-nigeria\/"},"modified":"2019-07-23T13:18:12","modified_gmt":"2019-07-23T17:18:12","slug":"40-000-nouveaux-refugies-camerounais-enregistres-au-nigeria","status":"publish","type":"post","link":"https:\/\/linitiative.ca\/International\/40-000-nouveaux-refugies-camerounais-enregistres-au-nigeria\/","title":{"rendered":"40.000 nouveaux r\u00e9fugi\u00e9s camerounais enregistr\u00e9s au Nigeria"},"content":{"rendered":"<div readability=\"32\">\n<p>Publi\u00e9 le 23.07.2019 \u00e0 18h18 par APA News<\/p>\n<\/div>\n<div readability=\"56\">\n<p>L\u2019Organisation des Nations Unies a inform\u00e9 que pr\u00e8s de 40.000 personnes suppl\u00e9mentaires avaient \u00e9t\u00e9 oblig\u00e9es de fuir au Nigeria voisin, en raison de la d\u00e9t\u00e9rioration de la situation humanitaire dans les r\u00e9gions du nord-ouest et du sud-ouest du Cameroun.Le porte-parole de l\u2019ONU, Farhan Haq a d\u00e9clar\u00e9 que 530.000 autres personnes avaient \u00e9t\u00e9 d\u00e9plac\u00e9es \u00e0 l\u2019int\u00e9rieur du Cameroun.<\/p>\n<p>Le ministre nig\u00e9rian des Affaires \u00e9trang\u00e8res, cit\u00e9 par Haq a indiqu\u00e9 que pas moins de 1,3 million de personnes avaient d\u00e9sormais besoin d\u2019assistance et que la situation \u00ab continuait d\u2019\u00eatre caract\u00e9ris\u00e9e par les violations des droits de l\u2019homme \u00bb.<\/p>\n<p>La crise dans les r\u00e9gions anglophones a d\u00e9but\u00e9 en 2016, lorsque des s\u00e9paratistes ont lanc\u00e9 une lutte arm\u00e9e pour la cr\u00e9ation d\u2019un Etat souverain appel\u00e9 Ambazonia.<\/p>\n<p>Les forces gouvernementales camerounaises ont r\u00e9agi avec force, entra\u00eenant des accusations d\u2019ex\u00e9cutions sommaires et d\u2019incendies de villages.<\/p>\n<p>Mais r\u00e9cemment, l\u2019accent a \u00e9t\u00e9 mis sur les abus pr\u00e9tendument commis par les nombreux groupes s\u00e9paratistes, y compris des enl\u00e8vements.<\/p>\n<\/div>\n<p>Auteur: APA News<br \/>\n<a href=\"https:\/\/www.journalducameroun.com\/40-000-nouveaux-refugies-camerounais-enregistres-au-nigeria\/\">Cliquez ici pour lire l&rsquo;article depuis sa source.<\/a><\/p>\n","protected":false},"excerpt":{"rendered":"<p>Publi\u00e9 le 23.07.2019 \u00e0 18h18 par APA News L\u2019Organisation des Nations Unies a inform\u00e9 que pr\u00e8s de 40.000 personnes suppl\u00e9mentaires avaient \u00e9t\u00e9 oblig\u00e9es de fuir au Nigeria voisin, en raison de la d\u00e9t\u00e9rioration de la situation humanitaire dans les r\u00e9gions du nord-ouest et du sud-ouest du Cameroun.Le porte-parole de l\u2019ONU, Farhan Haq a d\u00e9clar\u00e9 que [&hellip;]<\/p>\n","protected":false},"author":1965,"featured_media":0,"comment_status":"closed","ping_status":"closed","sticky":false,"template":"","format":"standard","meta":{"fifu_image_url":"","fifu_image_alt":"","footnotes":""},"categories":[73,82],"tags":[],"class_list":["post-48021","post","type-post","status-publish","format-standard","hentry","category-actualite","category-cameroun"],"_links":{"self":[{"href":"https:\/\/linitiative.ca\/International\/wp-json\/wp\/v2\/posts\/48021","targetHints":{"allow":["GET"]}}],"collection":[{"href":"https:\/\/linitiative.ca\/International\/wp-json\/wp\/v2\/posts"}],"about":[{"href":"https:\/\/linitiative.ca\/International\/wp-json\/wp\/v2\/types\/post"}],"author":[{"embeddable":true,"href":"https:\/\/linitiative.ca\/International\/wp-json\/wp\/v2\/users\/1965"}],"replies":[{"embeddable":true,"href":"https:\/\/linitiative.ca\/International\/wp-json\/wp\/v2\/comments?post=48021"}],"version-history":[{"count":0,"href":"https:\/\/linitiative.ca\/International\/wp-json\/wp\/v2\/posts\/48021\/revisions"}],"wp:attachment":[{"href":"https:\/\/linitiative.ca\/International\/wp-json\/wp\/v2\/media?parent=48021"}],"wp:term":[{"taxonomy":"category","embeddable":true,"href":"https:\/\/linitiative.ca\/International\/wp-json\/wp\/v2\/categories?post=48021"},{"taxonomy":"post_tag","embeddable":true,"href":"https:\/\/linitiative.ca\/International\/wp-json\/wp\/v2\/tags?post=48021"}],"curies":[{"name":"wp","href":"https:\/\/api.w.org\/{rel}","templated":true}]}}