{"id":48022,"date":"2019-07-23T13:50:01","date_gmt":"2019-07-23T17:50:01","guid":{"rendered":"https:\/\/linitiative.ca\/International\/syrie-sept-civils-tues-dans-des-bombardements-du-regime-dans-le-nord-ouest\/"},"modified":"2019-07-23T13:50:01","modified_gmt":"2019-07-23T17:50:01","slug":"syrie-sept-civils-tues-dans-des-bombardements-du-regime-dans-le-nord-ouest","status":"publish","type":"post","link":"https:\/\/linitiative.ca\/International\/syrie-sept-civils-tues-dans-des-bombardements-du-regime-dans-le-nord-ouest\/","title":{"rendered":"Syrie: sept civils tu\u00e9s dans des bombardements du r\u00e9gime dans le nord-ouest"},"content":{"rendered":"<div readability=\"32\">\n<p>Publi\u00e9 le 23.07.2019 \u00e0 18h50 par AFP<\/p>\n<\/div>\n<div readability=\"109\">\n<p>Au moins sept civils ont \u00e9t\u00e9 tu\u00e9s mardi dans des bombardements du r\u00e9gime de Bachar al-Assad visant le nord-ouest de la Syrie, notamment la province d\u2019Idleb o\u00f9 des raids a\u00e9riens ont fait la veille une cinquantaine de morts.<\/p>\n<p>Soutenu par l\u2019aviation russe, le pouvoir syrien pilonne depuis pr\u00e8s de trois mois cette province domin\u00e9e par des jihadistes, ainsi que les zones adjacentes dans les r\u00e9gions limitrophes d\u2019Alep, Hama et Lattaqui\u00e9.<\/p>\n<p>Mardi, sept civils, dont trois enfants, ont \u00e9t\u00e9 tu\u00e9s dans des raids a\u00e9riens et des tirs d\u2019artillerie sur plusieurs localit\u00e9s d\u2019Alep et d\u2019Idleb, a indiqu\u00e9 l\u2019Observatoire syrien des droits de l\u2019Homme (OSDH).<\/p>\n<p>La province d\u2019Idleb qui \u00e9chappe au pouvoir d\u2019Assad est contr\u00f4l\u00e9e par les jihadistes de Hayat Tahrir al-Cham (HTS, ex-branche syrienne d\u2019Al-Qa\u00efda). D\u2019autres factions rebelles et jihadistes y sont pr\u00e9sentes.<\/p>\n<p>Lundi, au moins 50 personnes, majoritairement des civils, ont p\u00e9ri dans des bombardements du r\u00e9gime ou de son alli\u00e9 russe, dont 38 dans la seule ville de Maaret al-Noomane, selon l\u2019Observatoire.<\/p>\n<p>L\u2019ONG a point\u00e9 du doigt l\u2019aviation russe pour le drame de Maaret al-Noomane mais Moscou a d\u00e9menti toute implication.<\/p>\n<p>\u00ab\u00a0Le cauchemar \u00e0 Idleb est en train de s\u2019amplifier. Nous avons assist\u00e9 \u00e0 l\u2019une des attaques les plus meurtri\u00e8res perp\u00e9tr\u00e9es contre des zones civiles depuis le d\u00e9but de l\u2019escalade militaire il y a pr\u00e8s de trois mois\u00a0\u00bb, a d\u00e9plor\u00e9 lundi Mark Cutts, un des responsables de l\u2019ONU pour la coordination humanitaire face \u00e0 la crise syrienne.<\/p>\n<p>Par ailleurs, 14 civils ont aussi \u00e9t\u00e9 tu\u00e9s lundi par des roquettes tir\u00e9es par des groupes rebelles et jihadistes sur les zones tenues par le r\u00e9gime dans le nord-ouest, selon les m\u00e9dias d\u2019Etat.<\/p>\n<p>En pr\u00e8s de trois mois, plus de 700 civils, dont plus de 170 enfants, ont \u00e9t\u00e9 tu\u00e9s dans les bombardements du r\u00e9gime ou son alli\u00e9 russe sur Idleb, selon l\u2019OSDH, et 330.000 personnes ont fui les violences, d\u2019apr\u00e8s l\u2019ONU.<\/p>\n<p>Durant cette m\u00eame p\u00e9riode, 66 civils, dont 22 enfants, ont \u00e9galement p\u00e9ri dans le pilonnage des rebelles et des jihadistes, selon l\u2019OSDH.<\/p>\n<p>Ces violences interviennent malgr\u00e9 un accord conclu en septembre 2018 entre la Russie et la Turquie, marraine de certains groupes rebelles, visant \u00e0 \u00e9viter \u00e0 Idleb une offensive d\u2019envergure des forces loyales \u00e0 Damas.<\/p>\n<p>L\u2019initiative pr\u00e9voyait une \u00ab\u00a0zone d\u00e9militaris\u00e9e\u00a0\u00bb pour s\u00e9parer les territoires tenus par les jihadistes et les rebelles des zones gouvernementales attenantes.<\/p>\n<p>D\u00e9clench\u00e9e en 2011 par la r\u00e9pression de manifestations prod\u00e9mocratie, la guerre en Syrie a fait plus de 370.000 morts et d\u00e9plac\u00e9 plusieurs millions de personnes.<\/p>\n<\/div>\n<p>Auteur: AFP<br \/>\n<a href=\"https:\/\/www.journalducameroun.com\/syrie-sept-civils-tues-dans-des-bombardements-du-regime-dans-le-nord-ouest\/\">Cliquez ici pour lire l&rsquo;article depuis sa source.<\/a><\/p>\n","protected":false},"excerpt":{"rendered":"<p>Publi\u00e9 le 23.07.2019 \u00e0 18h50 par AFP Au moins sept civils ont \u00e9t\u00e9 tu\u00e9s mardi dans des bombardements du r\u00e9gime de Bachar al-Assad visant le nord-ouest de la Syrie, notamment la province d\u2019Idleb o\u00f9 des raids a\u00e9riens ont fait la veille une cinquantaine de morts. Soutenu par l\u2019aviation russe, le pouvoir syrien pilonne depuis pr\u00e8s [&hellip;]<\/p>\n","protected":false},"author":1965,"featured_media":0,"comment_status":"closed","ping_status":"closed","sticky":false,"template":"","format":"standard","meta":{"fifu_image_url":"","fifu_image_alt":"","footnotes":""},"categories":[73,82],"tags":[],"class_list":["post-48022","post","type-post","status-publish","format-standard","hentry","category-actualite","category-cameroun"],"_links":{"self":[{"href":"https:\/\/linitiative.ca\/International\/wp-json\/wp\/v2\/posts\/48022","targetHints":{"allow":["GET"]}}],"collection":[{"href":"https:\/\/linitiative.ca\/International\/wp-json\/wp\/v2\/posts"}],"about":[{"href":"https:\/\/linitiative.ca\/International\/wp-json\/wp\/v2\/types\/post"}],"author":[{"embeddable":true,"href":"https:\/\/linitiative.ca\/International\/wp-json\/wp\/v2\/users\/1965"}],"replies":[{"embeddable":true,"href":"https:\/\/linitiative.ca\/International\/wp-json\/wp\/v2\/comments?post=48022"}],"version-history":[{"count":0,"href":"https:\/\/linitiative.ca\/International\/wp-json\/wp\/v2\/posts\/48022\/revisions"}],"wp:attachment":[{"href":"https:\/\/linitiative.ca\/International\/wp-json\/wp\/v2\/media?parent=48022"}],"wp:term":[{"taxonomy":"category","embeddable":true,"href":"https:\/\/linitiative.ca\/International\/wp-json\/wp\/v2\/categories?post=48022"},{"taxonomy":"post_tag","embeddable":true,"href":"https:\/\/linitiative.ca\/International\/wp-json\/wp\/v2\/tags?post=48022"}],"curies":[{"name":"wp","href":"https:\/\/api.w.org\/{rel}","templated":true}]}}