{"id":48023,"date":"2019-07-23T14:18:02","date_gmt":"2019-07-23T18:18:02","guid":{"rendered":"https:\/\/linitiative.ca\/International\/a-14-ans-alfred-a-mango-devient-le-plus-jeune-bachelier-du-senegal\/"},"modified":"2019-07-23T14:18:02","modified_gmt":"2019-07-23T18:18:02","slug":"a-14-ans-alfred-a-mango-devient-le-plus-jeune-bachelier-du-senegal","status":"publish","type":"post","link":"https:\/\/linitiative.ca\/International\/a-14-ans-alfred-a-mango-devient-le-plus-jeune-bachelier-du-senegal\/","title":{"rendered":"A 14 ans, Alfred A. Mango devient le plus jeune bachelier du S\u00e9n\u00e9gal"},"content":{"rendered":"<div readability=\"32\">\n<p>Publi\u00e9 le 23.07.2019 \u00e0 19h18 par APA News<\/p>\n<\/div>\n<div readability=\"158\">\n<p>n\u00e9 de parents enseignants, le jeune Alfred Amadou Mango vient de d\u00e9crocher son baccalaur\u00e9at scientifique \u00e0 l\u2019\u00e2ge de 14 ans. L\u2019\u00e9l\u00e8ve habitant aux Parcelles assainies Thi\u00e8s (Ouest, 70Km de Dakar) est passionn\u00e9 de lecture, de po\u00e9sie et de football, un sport auquel il s\u2019adonne trois fois par semaine \u00e0 l\u2019\u00e9cole de Foot de son quartier.Alfred est un enfant pas comme les autres. Alors que les jeunes de son \u00e2ge sont captiv\u00e9s par les r\u00e9seaux sociaux et les nouvelles technologies en g\u00e9n\u00e9ral, Alfred, lui, est passionn\u00e9 de lecture et de po\u00e9sie. D\u00e8s la maternelle, il s\u2019int\u00e9ressait aux livres pour enfants et \u00e0 9 ans, il a achev\u00e9 son premier roman, L\u2019Enfant noir de Camara Laye. \u00ab Il avait toujours le livre \u00e0 la main, m\u00eame quand je l\u2019envoyais \u00e0 la boutique \u00bb, se souvient affectueusement sa m\u00e8re, Nd\u00e9ye Anta Diop. \u00ab Tout le monde \u00e9tait \u00e9tonn\u00e9! Cela faisait rire les gens ! \u00bb, poursuit-elle.<\/p>\n<p>Nd\u00e9ye Anta Diop est professeur d\u2019histoire-g\u00e9ographie au lyc\u00e9e de Ngoudiane, \u00e0 quelques 30 kilom\u00e8tres de Thi\u00e8s. Son p\u00e8re est \u00e9galement professeur du lyc\u00e9e, o\u00f9 il enseigne le fran\u00e7ais. Une famille \u00ab simple et heureuse \u00bb, selon les mots du jeune Alfred, qui a grandi entour\u00e9 de livres et sans aucune autre distraction. \u00ab Longtemps, nous n\u2019avons pas eu l\u2019\u00e9lectricit\u00e9, donc Alfred \u00e9tait plong\u00e9 dans les livres \u00bb, raconte Ibrahima De Louis Mango, le p\u00e8re du jeune bachelier.<\/p>\n<p>Tr\u00e8s t\u00f4t, Alfred a ressenti le besoin de se surpasser. D\u00e8s la classe de CP, il s\u2019est donn\u00e9 pour ambition de d\u00e9crocher le baccalaur\u00e9at \u00e0 14 ans, en s\u2019inspirant de l\u2019un des personnages du film am\u00e9ricain \u00ab The Great Debaters \u00bb, James Leonard Farmer Junior, membre d\u2019une prestigieuse \u00e9quipe de d\u00e9batteurs et \u00e9tudiant \u00e0 l\u2019universit\u00e9 \u00e0 14 ans. \u00ab En voyant ce personnage, je me suis dit que si lui avait r\u00e9ussi, moi aussi, je pouvais le faire \u00bb, confie le jeune Alfred pour qui \u00ab les records sont faits pour \u00eatre battus \u00bb.<\/p>\n<p>L\u2019\u00e9l\u00e8ve a travaill\u00e9 dur, mais sans pression cette ann\u00e9e de terminale pour arriver \u00e0 ses fins. \u00ab Je ne travaillais pas comme un robot \u00bb, explique-t-il.<\/p>\n<p>Pour sa m\u00e8re, contrairement \u00e0 ce que beaucoup pensent, \u00ab Alfred passe son temps \u00e0 jouer. Il aime \u00eatre avec ses amis dans le quartier. C\u2019est un enfant tr\u00e8s jovial \u00bb. Nd\u00e9ye Anta Diop a donn\u00e9 des cours particuliers \u00e0 son fils pendant toute sa scolarit\u00e9, de mani\u00e8re encore plus assidue lors des quatre ann\u00e9es o\u00f9 il a saut\u00e9 des classes.<\/p>\n<p>A la maternelle, Alfred a saut\u00e9 la grande section, au cycle primaire, il n\u2019a pas fait les classes de CE1 et de CM1, et au cycle moyen, il a saut\u00e9 les classes de 6\u00e8me et de 4\u00e8me. Il a r\u00e9ussi la prouesse d\u2019avoir son Brevet de fin d\u2019\u00e9tudes moyennes (BFEM) \u00e0 l\u2019\u00e2ge de 11 ans. \u00ab C\u2019est seulement le cycle secondaire qu\u2019il a eu \u00e0 faire toutes les classes \u00bb, renseigne son p\u00e8re.<\/p>\n<p>\u00ab Je remercie les autorit\u00e9s \u00e9tatiques qui ont pu permettre \u00e0 mon enfant de r\u00e9ussir son baccalaur\u00e9at, parce que dans un pass\u00e9 r\u00e9cent il n\u2019\u00e9tait pas possible de passer le bac \u00e0 l\u2019\u00e2ge de 14ans. C\u2019est \u00e0 partir de cette ann\u00e9e que la mesure a \u00e9t\u00e9 lev\u00e9e \u00bb, poursuit le professeur de fran\u00e7ais pour qui \u00ab il y a des choses \u00e0 revoir dans la forme actuelle de l\u2019\u00e9cole \u00bb. \u00ab Si d\u2019autres enfants avaient \u00e9t\u00e9 autoris\u00e9s \u00e0 passer le baccalaur\u00e9at plus t\u00f4t, mon fils ne serait pas une exception. Il y a beaucoup de formes d\u2019intelligence \u00e0 d\u00e9velopper, le cerveau est un muscle qui a besoin d\u2019\u00eatre challeng\u00e9 \u00bb, d\u00e9clare le p\u00e8re d\u2019Alfred, qui tient de lui son mental d\u2019athl\u00e8te.<\/p>\n<p>A la rentr\u00e9e universitaire, Grand Alfred Amadou Mango ne sait pas encore quel cursus il compte poursuivre. \u00ab J\u2019aimerais beaucoup faire des \u00e9tudes d\u2019informatique, ou de p\u00e9trochimie. Mais depuis tout petit, je r\u00eave aussi de devenir m\u00e9decin ou pharmacien, comme mes oncles \u00bb, ambitionne Alfred.<\/p>\n<p>Pour sa m\u00e8re, les \u00e9tudes apr\u00e8s le baccalaur\u00e9at vont devenir plus compliqu\u00e9es, surtout pour un enfant plong\u00e9 dans un monde d\u2019adultes, mais elle reste optimiste et continue d\u2019encourager son fils. \u00ab Je remets tout entre les mains du bon Dieu, nous ferons notre possible pour continuer \u00e0 l\u2019encadrer \u00bb, dit-elle.<\/p>\n<p>En plus de la lecture, Alfred a une autre passion, beaucoup plus commune celle-ci pour un adolescent de son \u00e2ge: le football. Ses parents l\u2019ont inscrit dans une \u00e9cole de foot situ\u00e9e dans leur quartier, o\u00f9 il s\u2019entra\u00eene tous les mercredis, samedis, et dimanches.<\/p>\n<p>Selon son coach Dame Junior Gaye, un ancien footballeur international, Alfred a permis de relever le niveau scolaire des autres enfants qui fr\u00e9quentent l\u2019\u00e9cole de foot. A son tour, Alfred a accept\u00e9 de s\u2019improviser professeur pour leur donner des cours particuliers. \u00ab On a remarqu\u00e9 que tous les enfants qui habitaient pr\u00e8s de chez Alfred et qui le fr\u00e9quentaient avaient de tr\u00e8s bonnes notes en classe. Gr\u00e2ce \u00e0 lui, le niveau d\u2019\u00e9tude de notre \u00e9cole de foot est vraiment bon, il apporte beaucoup \u00bb, se r\u00e9jouit son coach.<\/p>\n<p>En attendant de prendre la lourde d\u00e9cision de son avenir universitaire, Alfred compte s\u2019amuser comme un enfant de 14 ans cet \u00e9t\u00e9. Il veut voir ses amis et jouer au football. Mais sa passion pour la litt\u00e9rature n\u2019est jamais loin. \u00ab J\u2019avais \u00e9crit mes premiers po\u00e8mes \u00e0 l\u2019\u00e2ge de 10 ans. J\u2019aimerais \u00e9crire mon premier recueil durant ces grandes vacances \u00bb, promet-t-il.<\/p>\n<\/div>\n<p>Auteur: APA News<br \/>\n<a href=\"https:\/\/www.journalducameroun.com\/a-14-ans-alfred-a-mango-devient-le-plus-jeune-bachelier-du-senegal\/\">Cliquez ici pour lire l&rsquo;article depuis sa source.<\/a><\/p>\n","protected":false},"excerpt":{"rendered":"<p>Publi\u00e9 le 23.07.2019 \u00e0 19h18 par APA News n\u00e9 de parents enseignants, le jeune Alfred Amadou Mango vient de d\u00e9crocher son baccalaur\u00e9at scientifique \u00e0 l\u2019\u00e2ge de 14 ans. L\u2019\u00e9l\u00e8ve habitant aux Parcelles assainies Thi\u00e8s (Ouest, 70Km de Dakar) est passionn\u00e9 de lecture, de po\u00e9sie et de football, un sport auquel il s\u2019adonne trois fois par [&hellip;]<\/p>\n","protected":false},"author":1965,"featured_media":0,"comment_status":"closed","ping_status":"closed","sticky":false,"template":"","format":"standard","meta":{"fifu_image_url":"","fifu_image_alt":"","footnotes":""},"categories":[73,82],"tags":[],"class_list":["post-48023","post","type-post","status-publish","format-standard","hentry","category-actualite","category-cameroun"],"_links":{"self":[{"href":"https:\/\/linitiative.ca\/International\/wp-json\/wp\/v2\/posts\/48023","targetHints":{"allow":["GET"]}}],"collection":[{"href":"https:\/\/linitiative.ca\/International\/wp-json\/wp\/v2\/posts"}],"about":[{"href":"https:\/\/linitiative.ca\/International\/wp-json\/wp\/v2\/types\/post"}],"author":[{"embeddable":true,"href":"https:\/\/linitiative.ca\/International\/wp-json\/wp\/v2\/users\/1965"}],"replies":[{"embeddable":true,"href":"https:\/\/linitiative.ca\/International\/wp-json\/wp\/v2\/comments?post=48023"}],"version-history":[{"count":0,"href":"https:\/\/linitiative.ca\/International\/wp-json\/wp\/v2\/posts\/48023\/revisions"}],"wp:attachment":[{"href":"https:\/\/linitiative.ca\/International\/wp-json\/wp\/v2\/media?parent=48023"}],"wp:term":[{"taxonomy":"category","embeddable":true,"href":"https:\/\/linitiative.ca\/International\/wp-json\/wp\/v2\/categories?post=48023"},{"taxonomy":"post_tag","embeddable":true,"href":"https:\/\/linitiative.ca\/International\/wp-json\/wp\/v2\/tags?post=48023"}],"curies":[{"name":"wp","href":"https:\/\/api.w.org\/{rel}","templated":true}]}}