{"id":48024,"date":"2019-07-23T14:18:04","date_gmt":"2019-07-23T18:18:04","guid":{"rendered":"https:\/\/linitiative.ca\/International\/culture-il-ny-a-pas-de-crise-au-burida-noel-dourey-auteur-compositeur\/"},"modified":"2019-07-23T14:18:04","modified_gmt":"2019-07-23T18:18:04","slug":"culture-il-ny-a-pas-de-crise-au-burida-noel-dourey-auteur-compositeur","status":"publish","type":"post","link":"https:\/\/linitiative.ca\/International\/culture-il-ny-a-pas-de-crise-au-burida-noel-dourey-auteur-compositeur\/","title":{"rendered":"Culture: \u00abIl n\u2019y a pas de crise au Burida\u2026 \u00bb (No\u00ebl Dourey, auteur-compositeur)"},"content":{"rendered":"<div readability=\"32\">\n<p>Publi\u00e9 le 23.07.2019 \u00e0 19h18 par APA News<\/p>\n<\/div>\n<div readability=\"132\">\n<p>L\u2019auteur-compositeur No\u00ebl Dourey, Pr\u00e9sident du conseil d\u2019administration (PCA) du Palais de la Culture d\u2019Abidjan, estime que la crise qui secoue le Bureau ivoirien des droits d\u2019auteur (BURIDA) suite \u00e0 la suspension des organes dirigeants par le ministre de la culture et de la Francophonie, Maurice Bandama, cons\u00e9cutivement \u00e0 un audit de l\u2019Inspection g\u00e9n\u00e9rale d\u2019Etat (IGE), n\u2019en est pas une.Dans un entretien accord\u00e9, mardi, \u00e0 APA, l\u2019artiste explique qu\u2019il se passe plut\u00f4t \u00abquelques incompr\u00e9hensions \u00bb \u00a0tendant \u00e0 \u00ab mettre en p\u00e9ril \u00a0la coh\u00e9sion au niveau des artistes et m\u00eame la survie de notre fleuron \u00bb qu\u2019est le Burida o\u00f9 \u00ab des soci\u00e9taires arc-boutent \u00a0pour se maintenir et militent pour que \u00a0les \u00e9lections n\u2019aient pas lieu \u00bb.<\/p>\n<p>\u00ab Ecoutez, quand vous prenez une maison qui a commenc\u00e9 avec 600 000 000 FCFA et qui est aujourd\u2019hui \u00e0 4 milliards FCFA mais la crise se situe o\u00f9 ? Il n\u2019y a pas de crise \u00bb, tranche-t-il.<\/p>\n<p>\u00ab Vous savez que le Burida \u00e0 l\u2019heure actuelle est une v\u00e9ritable perle, parce qu\u2019il occupe le troisi\u00e8me rang africain m\u00eame si le Portugal et l\u2019Espagne ne font pas partie de l\u2019Afrique, mais dans le classement on dirait que le Burida les supplante. Donc il y a, juste quelques incompr\u00e9hensions \u00bb, fait-il, remarquer, soulignant que \u00ab le ministre a bien fait de suspendre le pr\u00e9sident du conseil d\u2019administration et la directrice g\u00e9n\u00e9rale \u00bb.<\/p>\n<p>Pour l\u2019artiste-compositeur, \u00ab de point de vue structurel, nous \u00e9tions entr\u00e9s dans une phase de d\u00e9fiance d\u2019autorit\u00e9, dans une phase de n\u00e9gation m\u00eame de nos valeurs \u00bb. Or, poursuit M. \u00a0Dourey, \u00abun artiste ou un cr\u00e9ateur, c\u2019est celui qui pr\u00f4ne la paix, le vivre ensemble et donc ces valeurs-l\u00e0, nous \u00e9tions m\u00eame en train de les fouler aux pieds au point de ne plus reconna\u00eetre les artistes \u00bb.<\/p>\n<p>\u00ab Dans son souci de proc\u00e9der \u00e0 l\u2019accalmie, le ministre Maurice Bandama a interpell\u00e9 les uns et les autres et suspendu les organes en question. C\u2019\u00e9tait n\u00e9cessaire, c\u2019\u00e9tait important, dans le pays o\u00f9 tout le monde se r\u00e9clame d\u2019Houphou\u00ebt, qui nous rappelait toujours qu\u2019entre le d\u00e9sordre et l\u2019injustice, il pr\u00e9f\u00e8re l\u2019injustice au d\u00e9sordre parce que l\u2019injustice on peut la r\u00e9parer \u00bb, soutient le Pca du palais de la Culture d\u2019Abidjan.<\/p>\n<p>Pour l\u2019artiste, cette interpellation doit \u00abnous amener \u00e0 rentrer en nous-m\u00eames pour dire quel que soit \u00a0l\u2019opinion qu\u2019on puisse avoir engendr\u00e9 par nos positons, il est bon que nous puissions pr\u00e9server la paix, la paix entre nous et d\u2019ailleurs je me propose les jours qui arrivent pour convoquer une r\u00e9union importante \u00bb pour \u00ab \u00e9baucher des pistes \u00bb en vue de respecter le calendrier de renouvellement des instances du Burida.<\/p>\n<p>\u00ab Partout o\u00f9 l\u2019on pense qu\u2019on peut remettre les choses \u00e0 l\u2019endroit, partout o\u00f9 on pense qu\u2019il y\u2019a mati\u00e8re \u00e0 discuter pour aplanir les probl\u00e8mes, il faut se concerter et donc c\u2019est pourquoi le ministre a propos\u00e9 des journ\u00e9es de concertation et qui ont \u00e9t\u00e9 accept\u00e9es par tous \u00bb, indique No\u00ebl Dourey.<\/p>\n<p>Sur la question des conclusions de l\u2019audit du Burida commandit\u00e9 par l\u2019Inspection g\u00e9n\u00e9rale d\u2019Etat, M. Dourey soutient que \u00ab l\u2019audit est fait pour \u00eatre remis au chef de l\u2019Etat, au chef du gouvernement et \u00e0 une moindre mesure au chef du d\u00e9partement concern\u00e9. Un audit n\u2019est pas fait pour \u00eatre publi\u00e9 sur une place publique \u00bb, ajoutant que \u00ab celui qui tire les cons\u00e9quences d\u2019un audit, c\u2019est bien le d\u00e9cideur, c\u2019est le pr\u00e9sident de la R\u00e9publique\u00a0\u00bb.<\/p>\n<p>\u00ab Le d\u00e9cideur exploite l\u2019audit pour le renforcement des capacit\u00e9s, pour r\u00e9gulariser une situation, mais un audit n\u2019est pas fait pour qu\u2019on le lise ce n\u2019est pas \u00e7a, \u00e7a ne s\u2019est jamais fait \u00bb, insiste-t-il.<\/p>\n<p>Depuis ao\u00fbt 2018, une gu\u00e9guerre opposait la direction du BURIDA et certains de ses soci\u00e9taires qui reprochent \u00e0 la directrice g\u00e9n\u00e9rale \u00ab sa mauvaise gestion \u00bb. Pour y mettre fin, \u00a0l\u2019Inspection g\u00e9n\u00e9rale d\u2019Etat a commandit\u00e9 un audit g\u00e9n\u00e9ral.<\/p>\n<p>Au terme de cette enqu\u00eate confi\u00e9e \u00e0 l\u2019un des plus grands cabinets d\u2019audit implant\u00e9 au pays, le ministre de la Culture et de la Francophonie, Maurice Bandama \u00a0a suspendu, il y a une semaine, le PCA Sylvain S\u00e9ry et la directrice g\u00e9n\u00e9rale, Ir\u00e8ne Viera.<\/p>\n<\/div>\n<p>Auteur: APA News<br \/>\n<a href=\"https:\/\/www.journalducameroun.com\/culture-il-ny-a-pas-de-crise-au-burida-noel-dourey-auteur-compositeur\/\">Cliquez ici pour lire l&rsquo;article depuis sa source.<\/a><\/p>\n","protected":false},"excerpt":{"rendered":"<p>Publi\u00e9 le 23.07.2019 \u00e0 19h18 par APA News L\u2019auteur-compositeur No\u00ebl Dourey, Pr\u00e9sident du conseil d\u2019administration (PCA) du Palais de la Culture d\u2019Abidjan, estime que la crise qui secoue le Bureau ivoirien des droits d\u2019auteur (BURIDA) suite \u00e0 la suspension des organes dirigeants par le ministre de la culture et de la Francophonie, Maurice Bandama, cons\u00e9cutivement [&hellip;]<\/p>\n","protected":false},"author":1965,"featured_media":0,"comment_status":"closed","ping_status":"closed","sticky":false,"template":"","format":"standard","meta":{"fifu_image_url":"","fifu_image_alt":"","footnotes":""},"categories":[73,82],"tags":[],"class_list":["post-48024","post","type-post","status-publish","format-standard","hentry","category-actualite","category-cameroun"],"_links":{"self":[{"href":"https:\/\/linitiative.ca\/International\/wp-json\/wp\/v2\/posts\/48024","targetHints":{"allow":["GET"]}}],"collection":[{"href":"https:\/\/linitiative.ca\/International\/wp-json\/wp\/v2\/posts"}],"about":[{"href":"https:\/\/linitiative.ca\/International\/wp-json\/wp\/v2\/types\/post"}],"author":[{"embeddable":true,"href":"https:\/\/linitiative.ca\/International\/wp-json\/wp\/v2\/users\/1965"}],"replies":[{"embeddable":true,"href":"https:\/\/linitiative.ca\/International\/wp-json\/wp\/v2\/comments?post=48024"}],"version-history":[{"count":0,"href":"https:\/\/linitiative.ca\/International\/wp-json\/wp\/v2\/posts\/48024\/revisions"}],"wp:attachment":[{"href":"https:\/\/linitiative.ca\/International\/wp-json\/wp\/v2\/media?parent=48024"}],"wp:term":[{"taxonomy":"category","embeddable":true,"href":"https:\/\/linitiative.ca\/International\/wp-json\/wp\/v2\/categories?post=48024"},{"taxonomy":"post_tag","embeddable":true,"href":"https:\/\/linitiative.ca\/International\/wp-json\/wp\/v2\/tags?post=48024"}],"curies":[{"name":"wp","href":"https:\/\/api.w.org\/{rel}","templated":true}]}}