{"id":48025,"date":"2019-07-23T15:18:03","date_gmt":"2019-07-23T19:18:03","guid":{"rendered":"https:\/\/linitiative.ca\/International\/foot-le-francais-herve-renard-se-separe-des-lions-de-latlas\/"},"modified":"2019-07-23T15:18:03","modified_gmt":"2019-07-23T19:18:03","slug":"foot-le-francais-herve-renard-se-separe-des-lions-de-latlas","status":"publish","type":"post","link":"https:\/\/linitiative.ca\/International\/foot-le-francais-herve-renard-se-separe-des-lions-de-latlas\/","title":{"rendered":"Foot : Le fran\u00e7ais Herve Renard se s\u00e9pare des Lions de l\u2019Atlas"},"content":{"rendered":"<div readability=\"32\">\n<p>Publi\u00e9 le 23.07.2019 \u00e0 20h18 par APA News<\/p>\n<\/div>\n<div readability=\"66\">\n<p>Le s\u00e9lectionneur de l\u2019\u00e9quipe marocaine de football, le fran\u00e7ais Herve Renard a pr\u00e9sent\u00e9 sa d\u00e9mission apr\u00e8s la pi\u00e8tre prestation des Lions de l\u2019Atlas en Coupe d\u2019Afrique des Nations (CAN-2019) en Egypte.Herve Renard a assur\u00e9 que cette \u00ab d\u00e9cision in\u00e9luctable \u00bb a \u00e9t\u00e9 prise \u00ab bien avant la CAN 2019 \u00bb, o\u00f9 les Lions de l\u2019Atlas ont \u00e9t\u00e9 \u00e9limin\u00e9s en huiti\u00e8mes de finale par le B\u00e9nin aux tirs au but.<\/p>\n<p>D\u00e9sign\u00e9 en 2016, Renard a amen\u00e9 le Maroc en quarts de finale de la CAN l\u2019ann\u00e9e suivante, meilleure performance des Lions de l\u2019Atlas depuis leur finale perdue en 2004. L\u2019ancien s\u00e9lectionneur de la C\u00f4te d\u2019Ivoire a aussi qualifi\u00e9 le Maroc pour la Coupe du monde 2018, une premi\u00e8re depuis 20 ans. Son \u00e9quipe y avait \u00e9t\u00e9 \u00e9limin\u00e9e d\u00e8s le premier tour, malgr\u00e9 un nul contre l\u2019Espagne (2-2).<\/p>\n<p>Chose est s\u00fbre. L\u2019\u00e9quipe marocaine a connu avec Herve Renard une \u00e9volution \u00a0notable mais toujours le constat est le m\u00eame : Pas de titre continental ni de cons\u00e9cration aux niveaux des autres comp\u00e9titions.<\/p>\n<p>Certes, la F\u00e9d\u00e9ration marocaine de football n\u2019a pas l\u00e9sin\u00e9 sur les moyens (salaires faramineux, privil\u00e8ges, moyens logistiques et techniques et autres) mais les r\u00e9sultats sont en de\u00e7\u00e0 des attentes du public marocain assoiff\u00e9 de titres et de \u00a0performances footballistiques.<\/p>\n<p>Il est grand temps que ce football, sport-passion des Marocains, fasse son autocritique au lieu de chercher encore une fois des boucs-\u00e9missaires.<\/p>\n<p>Selon le pr\u00e9sident la FRMF, Fouzi Lakjaa le nouveau coach de la s\u00e9lection marocaine sera connu dans une semaine.<\/p>\n<\/div>\n<p>Auteur: APA News<br \/>\n<a href=\"https:\/\/www.journalducameroun.com\/foot-le-francais-herve-renard-se-separe-des-lions-de-latlas\/\">Cliquez ici pour lire l&rsquo;article depuis sa source.<\/a><\/p>\n","protected":false},"excerpt":{"rendered":"<p>Publi\u00e9 le 23.07.2019 \u00e0 20h18 par APA News Le s\u00e9lectionneur de l\u2019\u00e9quipe marocaine de football, le fran\u00e7ais Herve Renard a pr\u00e9sent\u00e9 sa d\u00e9mission apr\u00e8s la pi\u00e8tre prestation des Lions de l\u2019Atlas en Coupe d\u2019Afrique des Nations (CAN-2019) en Egypte.Herve Renard a assur\u00e9 que cette \u00ab d\u00e9cision in\u00e9luctable \u00bb a \u00e9t\u00e9 prise \u00ab bien avant la [&hellip;]<\/p>\n","protected":false},"author":1965,"featured_media":0,"comment_status":"closed","ping_status":"closed","sticky":false,"template":"","format":"standard","meta":{"fifu_image_url":"","fifu_image_alt":"","footnotes":""},"categories":[73,82],"tags":[],"class_list":["post-48025","post","type-post","status-publish","format-standard","hentry","category-actualite","category-cameroun"],"_links":{"self":[{"href":"https:\/\/linitiative.ca\/International\/wp-json\/wp\/v2\/posts\/48025","targetHints":{"allow":["GET"]}}],"collection":[{"href":"https:\/\/linitiative.ca\/International\/wp-json\/wp\/v2\/posts"}],"about":[{"href":"https:\/\/linitiative.ca\/International\/wp-json\/wp\/v2\/types\/post"}],"author":[{"embeddable":true,"href":"https:\/\/linitiative.ca\/International\/wp-json\/wp\/v2\/users\/1965"}],"replies":[{"embeddable":true,"href":"https:\/\/linitiative.ca\/International\/wp-json\/wp\/v2\/comments?post=48025"}],"version-history":[{"count":0,"href":"https:\/\/linitiative.ca\/International\/wp-json\/wp\/v2\/posts\/48025\/revisions"}],"wp:attachment":[{"href":"https:\/\/linitiative.ca\/International\/wp-json\/wp\/v2\/media?parent=48025"}],"wp:term":[{"taxonomy":"category","embeddable":true,"href":"https:\/\/linitiative.ca\/International\/wp-json\/wp\/v2\/categories?post=48025"},{"taxonomy":"post_tag","embeddable":true,"href":"https:\/\/linitiative.ca\/International\/wp-json\/wp\/v2\/tags?post=48025"}],"curies":[{"name":"wp","href":"https:\/\/api.w.org\/{rel}","templated":true}]}}