{"id":48026,"date":"2019-07-23T16:18:03","date_gmt":"2019-07-23T20:18:03","guid":{"rendered":"https:\/\/linitiative.ca\/International\/legypte-condamne-la-destruction-par-israel-de-batiments-palestiniens-pres-dal-qods\/"},"modified":"2019-07-23T16:18:03","modified_gmt":"2019-07-23T20:18:03","slug":"legypte-condamne-la-destruction-par-israel-de-batiments-palestiniens-pres-dal-qods","status":"publish","type":"post","link":"https:\/\/linitiative.ca\/International\/legypte-condamne-la-destruction-par-israel-de-batiments-palestiniens-pres-dal-qods\/","title":{"rendered":"L\u2019Egypte condamne la destruction par Israel de b\u00e2timents palestiniens pr\u00e8s d\u2019Al Qods"},"content":{"rendered":"<div readability=\"32\">\n<p>Publi\u00e9 le 23.07.2019 \u00e0 21h18 par APA News<\/p>\n<\/div>\n<div readability=\"68\">\n<p>L\u2019Egypte a condamn\u00e9 la d\u00e9molition par les autorit\u00e9s isra\u00e9liennes de b\u00e2timents r\u00e9sidentiels palestiniens \u00e0 Oued al-Homs au sud d\u2019Al Qods et rejet\u00e9 toute action susceptible de modifier le statu quo de la ville, en contradiction avec les accords internationaux, indique mardi un communiqu\u00e9 du minist\u00e8re \u00e9gyptien des Affaires \u00e9trang\u00e8res.Par Mohamed Fayed<\/p>\n<p>Le minist\u00e8re a \u00e9galement mis en garde contre les dangers de ces actions sur les efforts visant \u00e0 parvenir \u00e0 une paix juste et globale, soulignant la position ferme de l\u2019\u00c9gypte qui soutient les droits l\u00e9gitimes du peuple palestinien et \u0153uvre pour la reprise des n\u00e9gociations afin de faire avancer le processus de paix sur la base de la solution de deux \u00c9tats.<\/p>\n<p>Isra\u00ebl a annonc\u00e9 mardi avoir d\u00e9moli 12 b\u00e2timents de Palestiniens qu\u2019il consid\u00e9rait ill\u00e9gaux lors d\u2019une op\u00e9ration controvers\u00e9e la veille au sud de J\u00e9rusalem, pr\u00e8s de la barri\u00e8re de s\u00e9paration isolant la Ville sainte de la Cisjordanie occup\u00e9e.<\/p>\n<p>Des responsables palestiniens, de l\u2019Union europ\u00e9enne (UE) et de l\u2019ONU ont condamn\u00e9 les d\u00e9molitions de ces maisons palestiniennes, dont la plupart \u00e9taient encore en construction \u00e0 Sour Baher, quartier \u00e0 cheval entre J\u00e9rusalem et la Cisjordanie, territoire palestinien occup\u00e9 depuis 1967 par Isra\u00ebl.<\/p>\n<p>L\u2019Arabie saoudite a \u00e9galement condamn\u00e9 mardi \u00ab les autorit\u00e9s d\u2019occupation isra\u00e9liennes pour la d\u00e9molition de dizaines de maisons \u00bb, appelant la communaut\u00e9 internationale \u00e0 \u00ab stopper cette agression et la dangereuse escalade visant les Palestiniens \u00bb.<\/p>\n<p>Isra\u00ebl affirme que les immeubles vis\u00e9s ont \u00e9t\u00e9 construits tr\u00e8s pr\u00e8s de la \u00ab barri\u00e8re de s\u00e9curit\u00e9 \u00bb dont il a commenc\u00e9 la construction en 2002, pendant les violences de la seconde Intifada (soul\u00e8vement palestinien), pour se prot\u00e9ger des attaques venues de Cisjordanie occup\u00e9e.<\/p>\n<\/div>\n<p>Auteur: APA News<br \/>\n<a href=\"https:\/\/www.journalducameroun.com\/legypte-condamne-la-destruction-par-israel-de-batiments-palestiniens-pres-dal-qods\/\">Cliquez ici pour lire l&rsquo;article depuis sa source.<\/a><\/p>\n","protected":false},"excerpt":{"rendered":"<p>Publi\u00e9 le 23.07.2019 \u00e0 21h18 par APA News L\u2019Egypte a condamn\u00e9 la d\u00e9molition par les autorit\u00e9s isra\u00e9liennes de b\u00e2timents r\u00e9sidentiels palestiniens \u00e0 Oued al-Homs au sud d\u2019Al Qods et rejet\u00e9 toute action susceptible de modifier le statu quo de la ville, en contradiction avec les accords internationaux, indique mardi un communiqu\u00e9 du minist\u00e8re \u00e9gyptien des [&hellip;]<\/p>\n","protected":false},"author":1965,"featured_media":0,"comment_status":"closed","ping_status":"closed","sticky":false,"template":"","format":"standard","meta":{"fifu_image_url":"","fifu_image_alt":"","footnotes":""},"categories":[73,82],"tags":[],"class_list":["post-48026","post","type-post","status-publish","format-standard","hentry","category-actualite","category-cameroun"],"_links":{"self":[{"href":"https:\/\/linitiative.ca\/International\/wp-json\/wp\/v2\/posts\/48026","targetHints":{"allow":["GET"]}}],"collection":[{"href":"https:\/\/linitiative.ca\/International\/wp-json\/wp\/v2\/posts"}],"about":[{"href":"https:\/\/linitiative.ca\/International\/wp-json\/wp\/v2\/types\/post"}],"author":[{"embeddable":true,"href":"https:\/\/linitiative.ca\/International\/wp-json\/wp\/v2\/users\/1965"}],"replies":[{"embeddable":true,"href":"https:\/\/linitiative.ca\/International\/wp-json\/wp\/v2\/comments?post=48026"}],"version-history":[{"count":0,"href":"https:\/\/linitiative.ca\/International\/wp-json\/wp\/v2\/posts\/48026\/revisions"}],"wp:attachment":[{"href":"https:\/\/linitiative.ca\/International\/wp-json\/wp\/v2\/media?parent=48026"}],"wp:term":[{"taxonomy":"category","embeddable":true,"href":"https:\/\/linitiative.ca\/International\/wp-json\/wp\/v2\/categories?post=48026"},{"taxonomy":"post_tag","embeddable":true,"href":"https:\/\/linitiative.ca\/International\/wp-json\/wp\/v2\/tags?post=48026"}],"curies":[{"name":"wp","href":"https:\/\/api.w.org\/{rel}","templated":true}]}}