{"id":48027,"date":"2019-07-23T16:18:05","date_gmt":"2019-07-23T20:18:05","guid":{"rendered":"https:\/\/linitiative.ca\/International\/gabon-baisse-de-5000-agents-des-effectifs-de-la-fonction-publique\/"},"modified":"2019-07-23T16:18:05","modified_gmt":"2019-07-23T20:18:05","slug":"gabon-baisse-de-5000-agents-des-effectifs-de-la-fonction-publique","status":"publish","type":"post","link":"https:\/\/linitiative.ca\/International\/gabon-baisse-de-5000-agents-des-effectifs-de-la-fonction-publique\/","title":{"rendered":"Gabon : baisse de 5000 agents des effectifs de la fonction publique"},"content":{"rendered":"<div readability=\"32\">\n<p>Publi\u00e9 le 23.07.2019 \u00e0 21h18 par APA News<\/p>\n<\/div>\n<div readability=\"59\">\n<p>Les effectifs de la fonction publique gabonaise ont enregistr\u00e9 une baisse de pr\u00e8s de 4923 agents, passant de 101.701 \u00e0 97 110 agents au terme du premier trimestre 2019, a annonc\u00e9 mardi un rapport du minist\u00e8re de l\u2019Economie et des Finances.La tendance baissi\u00e8re des effectifs traduit, selon le rapport, la volont\u00e9 des autorit\u00e9s \u00e0 ma\u00eetriser la masse salariale dans l\u2019administration centrale.<\/p>\n<p>En 2018, le pr\u00e9sident gabonais, Ali Bongo avait annonc\u00e9 plusieurs mesures d\u2019aust\u00e9rit\u00e9 visant \u00e0 r\u00e9duire les effectifs des agents publics. Ces mesures portent notamment sur le gel des recrutements pour une p\u00e9riode de trois ans. Seuls les minist\u00e8res de la Sant\u00e9, de l\u2019Education nationale, des Affaires sociales de la D\u00e9fense ne sont pas frapp\u00e9s par la mesure. La mise en retraite syst\u00e9matique des agents atteints par la limite d\u2019\u00e2ge ou la rupture des contrats concernant les agents civils contractuels \u00e2g\u00e9s de plus de 60 ans font aussi partie de ces mesures.<\/p>\n<p>En revanche, rapporte le minist\u00e8re de l\u2019\u00c9conomie et des Finances, les effectifs de la main-d\u2019\u0153uvre non permanente ont augment\u00e9 de 332 agents, soit 2,4% sur la p\u00e9riode sous-revue. La hausse ainsi constat\u00e9e, domin\u00e9e par les agents en services \u00e0 l\u2019int\u00e9rieur du pays (8\u2009527 agents), r\u00e9sulte d\u2019une meilleure prise en compte des agents de cette cat\u00e9gorie.<\/p>\n<\/div>\n<p>Auteur: APA News<br \/>\n<a href=\"https:\/\/www.journalducameroun.com\/gabon-baisse-de-5000-agents-des-effectifs-de-la-fonction-publique\/\">Cliquez ici pour lire l&rsquo;article depuis sa source.<\/a><\/p>\n","protected":false},"excerpt":{"rendered":"<p>Publi\u00e9 le 23.07.2019 \u00e0 21h18 par APA News Les effectifs de la fonction publique gabonaise ont enregistr\u00e9 une baisse de pr\u00e8s de 4923 agents, passant de 101.701 \u00e0 97 110 agents au terme du premier trimestre 2019, a annonc\u00e9 mardi un rapport du minist\u00e8re de l\u2019Economie et des Finances.La tendance baissi\u00e8re des effectifs traduit, selon [&hellip;]<\/p>\n","protected":false},"author":1965,"featured_media":0,"comment_status":"closed","ping_status":"closed","sticky":false,"template":"","format":"standard","meta":{"fifu_image_url":"","fifu_image_alt":"","footnotes":""},"categories":[73,82],"tags":[],"class_list":["post-48027","post","type-post","status-publish","format-standard","hentry","category-actualite","category-cameroun"],"_links":{"self":[{"href":"https:\/\/linitiative.ca\/International\/wp-json\/wp\/v2\/posts\/48027","targetHints":{"allow":["GET"]}}],"collection":[{"href":"https:\/\/linitiative.ca\/International\/wp-json\/wp\/v2\/posts"}],"about":[{"href":"https:\/\/linitiative.ca\/International\/wp-json\/wp\/v2\/types\/post"}],"author":[{"embeddable":true,"href":"https:\/\/linitiative.ca\/International\/wp-json\/wp\/v2\/users\/1965"}],"replies":[{"embeddable":true,"href":"https:\/\/linitiative.ca\/International\/wp-json\/wp\/v2\/comments?post=48027"}],"version-history":[{"count":0,"href":"https:\/\/linitiative.ca\/International\/wp-json\/wp\/v2\/posts\/48027\/revisions"}],"wp:attachment":[{"href":"https:\/\/linitiative.ca\/International\/wp-json\/wp\/v2\/media?parent=48027"}],"wp:term":[{"taxonomy":"category","embeddable":true,"href":"https:\/\/linitiative.ca\/International\/wp-json\/wp\/v2\/categories?post=48027"},{"taxonomy":"post_tag","embeddable":true,"href":"https:\/\/linitiative.ca\/International\/wp-json\/wp\/v2\/tags?post=48027"}],"curies":[{"name":"wp","href":"https:\/\/api.w.org\/{rel}","templated":true}]}}