{"id":48049,"date":"2019-07-24T07:48:56","date_gmt":"2019-07-24T11:48:56","guid":{"rendered":"https:\/\/linitiative.ca\/International\/enseignement-la-loi-cadre-approuvee-par-la-chambre-des-representants\/"},"modified":"2019-07-24T07:48:56","modified_gmt":"2019-07-24T11:48:56","slug":"enseignement-la-loi-cadre-approuvee-par-la-chambre-des-representants","status":"publish","type":"post","link":"https:\/\/linitiative.ca\/International\/enseignement-la-loi-cadre-approuvee-par-la-chambre-des-representants\/","title":{"rendered":"Enseignement : La loi-cadre approuv\u00e9e par la Chambre des repr\u00e9sentants"},"content":{"rendered":"<header>\n<div class=\"entry-post-meta\">\n<div class=\"author-link\">Publi\u00e9 par <a itemprop=\"author\" itemscope=\"\" itemtype=\"https:\/\/schema.org\/Person\" href=\"http:\/\/aujourdhui.ma\/profile\/kaid\" rel=\"author\"><span itemprop=\"name\">ALM<\/span><\/a><\/div>\n<p>Date\u00a0:<time content=\"2019-07-24T12:48:56+00:00\" class=\"entry-date updated\" datetime=\"2019-07-24T12:48:56+00:00\">juillet 24, 2019<\/time><\/p>\n<div class=\"entry-cat\">dans:<a href=\"http:\/\/aujourdhui.ma\/category\/societe\" rel=\"category tag\">Soci\u00e9t\u00e9<\/a><\/div>\n<p>1Vues<\/p>\n<\/div>\n<\/header>\n<div class=\"entry-content clearfix\" readability=\"58\"><img decoding=\"async\" class=\"post_layout_5_img\" src=\"http:\/\/aujourdhui.ma\/wp-content\/uploads\/2019\/07\/Parlement-Maroc.jpg?x29840\" alt=\"Enseignement : La loi-cadre approuv\u00e9e par la Chambre des repr\u00e9sentants\"\/><\/p>\n<p class=\"p1\"><span class=\"c4\"><strong><em>Le texte a \u00e9t\u00e9 adopt\u00e9 \u00e0 la majorit\u00e9 avec 241 voix favorables, 4 contre et 21 abstentions<\/em><\/strong><\/span> <span id=\"more-315707\"\/><\/p>\n<p class=\"p1\"><span class=\"s1\">Un nouveau pas vient d\u2019\u00eatre franchi. La Chambre des repr\u00e9sentants a adopt\u00e9, lundi soir, le projet de loi-cadre n\u00b051.17 relative au syst\u00e8me de l\u2019\u00e9ducation, de l\u2019enseignement, de la formation et de la recherche scientifique. Ce texte a \u00e9t\u00e9 adopt\u00e9 \u00e0 la majorit\u00e9 avec 241 voix favorables alors que quatre membres de la Chambre ont vot\u00e9 contre (2 d\u00e9put\u00e9s du PJD et 2 d\u00e9put\u00e9s de la F\u00e9d\u00e9ration de la gauche d\u00e9mocratique (FGD) et 21 autres d\u00e9put\u00e9s du parti de l\u2019Istiqlal<span class=\"Apple-converted-space\">\u00a0<\/span> se sont abstenus.<\/span><\/p>\n<p class=\"p1\"><span class=\"s1\">La question des langues demeure toujours le point de discorde entre les partis politiques, \u00e0 savoir l\u2019article 2 relatif \u00e0 la d\u00e9termination du concept de l\u2019alternance linguistique ainsi que l\u2019article 31 au sujet de certaines mati\u00e8res, notamment les mati\u00e8res scientifiques et techniques par une ou plusieurs langues \u00e9trang\u00e8res. Dans le cadre du vote du lundi, l\u2019article 2 a recueilli 144 voix favorables, 2 contre (PJD) et 116 abstentions (PJD et PI).<\/span><\/p>\n<p class=\"p1\"><span class=\"s1\">Pour rappel, le projet de loi-cadre n\u00b051.17 relatif au syst\u00e8me de l\u2019\u00e9ducation avait \u00e9t\u00e9 adopt\u00e9 il y a encore quelques jours en commission parlementaire. <span class=\"Apple-converted-space\">\u00a0<\/span> Le projet de loi-cadre avait ainsi \u00e9t\u00e9 adopt\u00e9 le mardi 16 juillet avec 25 voix pour, 2 contre (PJD) et 3 abstentions (Istiqlal). Le vote de ce projet de loi avait<span class=\"Apple-converted-space\">\u00a0<\/span> \u00e9t\u00e9 plusieurs fois report\u00e9 en raison des divergences des partis politiques sur les deux articles litigieux ainsi que sur l\u2019article instaurant les frais de scolarit\u00e9 pour les familles qui en ont les moyens. Cette situation a eu pour cons\u00e9quence de bloquer l\u2019adoption du texte qui accuse d\u00e9j\u00e0 beaucoup de retard en d\u00e9pit de son caract\u00e8re strat\u00e9gique.<\/span><\/p>\n<\/div>\n<p>Auteur: ALM<br \/>\n<a href=\"http:\/\/aujourdhui.ma\/societe\/enseignement-la-loi-cadre-approuvee-par-la-chambre-des-representants\">Cliquez ici pour lire l&rsquo;article depuis sa source.<\/a><\/p>\n","protected":false},"excerpt":{"rendered":"<p>Publi\u00e9 par ALM Date\u00a0:juillet 24, 2019 dans:Soci\u00e9t\u00e9 1Vues Le texte a \u00e9t\u00e9 adopt\u00e9 \u00e0 la majorit\u00e9 avec 241 voix favorables, 4 contre et 21 abstentions Un nouveau pas vient d\u2019\u00eatre franchi. La Chambre des repr\u00e9sentants a adopt\u00e9, lundi soir, le projet de loi-cadre n\u00b051.17 relative au syst\u00e8me de l\u2019\u00e9ducation, de l\u2019enseignement, de la formation et [&hellip;]<\/p>\n","protected":false},"author":1759,"featured_media":0,"comment_status":"closed","ping_status":"closed","sticky":false,"template":"","format":"standard","meta":{"fifu_image_url":"","fifu_image_alt":"","footnotes":""},"categories":[73,54],"tags":[],"class_list":["post-48049","post","type-post","status-publish","format-standard","hentry","category-actualite","category-maroc"],"_links":{"self":[{"href":"https:\/\/linitiative.ca\/International\/wp-json\/wp\/v2\/posts\/48049","targetHints":{"allow":["GET"]}}],"collection":[{"href":"https:\/\/linitiative.ca\/International\/wp-json\/wp\/v2\/posts"}],"about":[{"href":"https:\/\/linitiative.ca\/International\/wp-json\/wp\/v2\/types\/post"}],"author":[{"embeddable":true,"href":"https:\/\/linitiative.ca\/International\/wp-json\/wp\/v2\/users\/1759"}],"replies":[{"embeddable":true,"href":"https:\/\/linitiative.ca\/International\/wp-json\/wp\/v2\/comments?post=48049"}],"version-history":[{"count":0,"href":"https:\/\/linitiative.ca\/International\/wp-json\/wp\/v2\/posts\/48049\/revisions"}],"wp:attachment":[{"href":"https:\/\/linitiative.ca\/International\/wp-json\/wp\/v2\/media?parent=48049"}],"wp:term":[{"taxonomy":"category","embeddable":true,"href":"https:\/\/linitiative.ca\/International\/wp-json\/wp\/v2\/categories?post=48049"},{"taxonomy":"post_tag","embeddable":true,"href":"https:\/\/linitiative.ca\/International\/wp-json\/wp\/v2\/tags?post=48049"}],"curies":[{"name":"wp","href":"https:\/\/api.w.org\/{rel}","templated":true}]}}