{"id":48052,"date":"2019-07-24T08:16:07","date_gmt":"2019-07-24T12:16:07","guid":{"rendered":"https:\/\/linitiative.ca\/International\/pour-la-production-et-la-commercialisation-de-ses-vehicules-au-nigeria-renault-sassocie-a-cosharis-group\/"},"modified":"2019-07-24T08:16:07","modified_gmt":"2019-07-24T12:16:07","slug":"pour-la-production-et-la-commercialisation-de-ses-vehicules-au-nigeria-renault-sassocie-a-cosharis-group","status":"publish","type":"post","link":"https:\/\/linitiative.ca\/International\/pour-la-production-et-la-commercialisation-de-ses-vehicules-au-nigeria-renault-sassocie-a-cosharis-group\/","title":{"rendered":"Pour la production et la commercialisation de ses v\u00e9hicules au Nigeria : Renault s\u2019associe \u00e0 Cosharis Group"},"content":{"rendered":"<p><img decoding=\"async\" class=\"post_layout_5_img\" src=\"http:\/\/aujourdhui.ma\/wp-content\/uploads\/2019\/07\/Usine-Renault.jpg?x29840\" alt=\"Pour la production et la commercialisation de ses v\u00e9hicules au Nigeria : Renault s\u2019associe \u00e0 Cosharis Group\"\/><\/p>\n<p class=\"p1\"><span class=\"s1 c4\"><strong>Cette coop\u00e9ration porte notamment sur la production et de la distribution automobile au Nig\u00e9ria. Ce qui permettra \u00e0 Renault Logan et Renault Duster d\u2019\u00eatre assembl\u00e9s \u00e0 partir d\u2019octobre 2019, dans une usine de Coscharis dans la capitale \u00e9conomique nig\u00e9riane, Lagos.<\/strong><\/span><span id=\"more-315730\"\/><\/p>\n<p class=\"p1\"><span class=\"s1\">Le Groupe Renault vient de faire part de d\u00e9but d\u2019une importante coop\u00e9ration le liant avec le conglom\u00e9rat nigerian Coscharis, sp\u00e9cialis\u00e9 dans l\u2019assemblage et de la distribution de v\u00e9hicules. Cette coop\u00e9ration porte notamment sur la production et de la distribution automobile au Nigeria. Ce qui permettra \u00e0 Renault Logan et Renault Duster d\u2019\u00eatre assembl\u00e9s \u00e0 partir d\u2019octobre 2019, dans une usine de Coscharis dans la capitale \u00e9conomique Nig\u00e9riane, Lagos. Alors que Renault Kwid et Renault Oroch seront import\u00e9s du Br\u00e9sil, le constructeur automobile fran\u00e7ais verra ainsi ces quatre mod\u00e8les distribu\u00e9s dans tout le territoire nig\u00e9rien par l\u2019interm\u00e9diaire du r\u00e9seau commercial de Coscharis Motors.<\/span><\/p>\n<p class=\"p1\"><span class=\"s1\"><em>\u00abAvec une population de plus de 200 millions d\u2019habitants, le Nigeria est un pays africain strat\u00e9gique o\u00f9 le Groupe Renault va \u00e9tendre sa pr\u00e9sence. Coscharis Group est un acteur reconnu dans l\u2019assemblage et la distribution de v\u00e9hicules automobiles. Gr\u00e2ce \u00e0 leur expertise et \u00e0 nos produits adapt\u00e9s aux besoins locaux, nous serons en mesure de r\u00e9pondre imm\u00e9diatement \u00e0 la demande de nos clients au Nigeria\u00bb<\/em>, a indiqu\u00e9 Fabrice Cambolive, directeur des op\u00e9rations de la r\u00e9gion Afrique- Moyen-Orient -Inde Pacifique du Groupe Renault.<\/span><\/p>\n<p class=\"p1\"><span class=\"s1\">De son c\u00f4t\u00e9, le pr\u00e9sident-directeur g\u00e9n\u00e9ral de Coscharis Group, Cosmas Maduka, a soulign\u00e9 l\u2019importance de cet accord de coop\u00e9ration marquant la confiance que Renault a accord\u00e9 au groupe nig\u00e9rien pour le repr\u00e9senter au Nigeria.<\/span><\/p>\n<p class=\"p1\"><span class=\"s1\"><em>\u00abCe partenariat a pour objectif de pr\u00e9senter une autre initiative de notre grande organisation \u00e0 travers l\u2019une de nos filiales, Coscharis Motors, afin de cr\u00e9er de la valeur en tant qu\u2019acteur cl\u00e9 de l\u2019industrie automobile au Nigeria ; nous sommes heureux de c\u00e9l\u00e9brer la confiance que la c\u00e9l\u00e8bre marque Renault nous a accord\u00e9e pour les repr\u00e9senter au Nigeria. Ce jalon marque une nouvelle \u00e9tape dans l\u2019\u00e9volution de notre organisation qui est pertinente sur le long terme\u00bb<\/em>, a-t-il dit. Ce partenariat permettra de satisfaire encore plus, a poursuivi M. Maduka,<span class=\"Apple-converted-space\">\u00a0<\/span> les clients fid\u00e8les et les prospects en particulier en leur offrant davantage d\u2019options et un meilleur rapport qualit\u00e9-prix. <em>\u00abNous nous engageons \u00e0 \u00e9largir le p\u00e9rim\u00e8tre de nos concessions lorsqu\u2019une telle occasion se pr\u00e9sentera, car il s\u2019agit d\u2019une opportunit\u00e9 strat\u00e9gique pour proposer des v\u00e9hicules performants, raffin\u00e9s et d\u2019un bon rapport qualit\u00e9 -prix \u00e0 nos clients fid\u00e8les\u00bb,<\/em> a-t-il tenu \u00e0 pr\u00e9ciser.<\/span><\/p>\n<p class=\"p1\"><span class=\"s1\">Rappelons que Renault, qui continue de s\u2019imposer comme leader sur le continent africain avec une part de march\u00e9 de 18%, compte parmi les pays les plus importants en volume de ses ventes, le Maroc, l\u2019Alg\u00e9rie, l\u2019Afrique du Sud et l\u2019Egypte. L\u2019objectif du Groupe automobile fran\u00e7ais est de maintenir son leadership dans ces pays et de r\u00e9pondre \u00e0 la demande de la nouvelle classe moyenne \u00e9mergente de pays comme le Nigeria.<\/span><\/p>\n<p>Auteur: ALM<br \/>\n<a href=\"http:\/\/aujourdhui.ma\/automobile\/pour-la-production-et-la-commercialisation-de-ses-vehicules-au-nigeria-renault-sassocie-a-cosharis-group\">Cliquez ici pour lire l&rsquo;article depuis sa source.<\/a><\/p>\n","protected":false},"excerpt":{"rendered":"<p>Cette coop\u00e9ration porte notamment sur la production et de la distribution automobile au Nig\u00e9ria. Ce qui permettra \u00e0 Renault Logan et Renault Duster d\u2019\u00eatre assembl\u00e9s \u00e0 partir d\u2019octobre 2019, dans une usine de Coscharis dans la capitale \u00e9conomique nig\u00e9riane, Lagos. Le Groupe Renault vient de faire part de d\u00e9but d\u2019une importante coop\u00e9ration le liant avec [&hellip;]<\/p>\n","protected":false},"author":1759,"featured_media":0,"comment_status":"closed","ping_status":"closed","sticky":false,"template":"","format":"standard","meta":{"fifu_image_url":"","fifu_image_alt":"","footnotes":""},"categories":[73,54],"tags":[],"class_list":["post-48052","post","type-post","status-publish","format-standard","hentry","category-actualite","category-maroc"],"_links":{"self":[{"href":"https:\/\/linitiative.ca\/International\/wp-json\/wp\/v2\/posts\/48052","targetHints":{"allow":["GET"]}}],"collection":[{"href":"https:\/\/linitiative.ca\/International\/wp-json\/wp\/v2\/posts"}],"about":[{"href":"https:\/\/linitiative.ca\/International\/wp-json\/wp\/v2\/types\/post"}],"author":[{"embeddable":true,"href":"https:\/\/linitiative.ca\/International\/wp-json\/wp\/v2\/users\/1759"}],"replies":[{"embeddable":true,"href":"https:\/\/linitiative.ca\/International\/wp-json\/wp\/v2\/comments?post=48052"}],"version-history":[{"count":0,"href":"https:\/\/linitiative.ca\/International\/wp-json\/wp\/v2\/posts\/48052\/revisions"}],"wp:attachment":[{"href":"https:\/\/linitiative.ca\/International\/wp-json\/wp\/v2\/media?parent=48052"}],"wp:term":[{"taxonomy":"category","embeddable":true,"href":"https:\/\/linitiative.ca\/International\/wp-json\/wp\/v2\/categories?post=48052"},{"taxonomy":"post_tag","embeddable":true,"href":"https:\/\/linitiative.ca\/International\/wp-json\/wp\/v2\/tags?post=48052"}],"curies":[{"name":"wp","href":"https:\/\/api.w.org\/{rel}","templated":true}]}}