{"id":48053,"date":"2019-07-24T08:46:30","date_gmt":"2019-07-24T12:46:30","guid":{"rendered":"https:\/\/linitiative.ca\/International\/tamallalt-il-deleste-ses-victimes-sous-la-menace-dune-arme-a-feu\/"},"modified":"2019-07-24T08:46:30","modified_gmt":"2019-07-24T12:46:30","slug":"tamallalt-il-deleste-ses-victimes-sous-la-menace-dune-arme-a-feu","status":"publish","type":"post","link":"https:\/\/linitiative.ca\/International\/tamallalt-il-deleste-ses-victimes-sous-la-menace-dune-arme-a-feu\/","title":{"rendered":"Tamallalt : Il d\u00e9leste ses victimes sous la menace d\u2019une arme \u00e0 feu"},"content":{"rendered":"<header>\n<\/header>\n<div class=\"entry-content clearfix\" readability=\"48\"><img decoding=\"async\" class=\"post_layout_5_img\" src=\"http:\/\/aujourdhui.ma\/wp-content\/uploads\/2016\/11\/Gendarmerie-Arrestation-Malfrat.jpg?x29840\" alt=\"Tamallalt : Il d\u00e9leste ses victimes sous la menace d\u2019une arme \u00e0 feu\"\/><\/p>\n<p class=\"p1\"><span class=\"s1 c4\"><strong>L\u2019usage de l\u2019arme blanche ne suffisait apparemment plus \u00e0 ce repris de justice pour voler ses victimes.<\/strong><\/span> <span id=\"more-315644\"\/><\/p>\n<p class=\"p1\"><span class=\"s1\">En effet, au douar Kabbal relevant de la ville de Tamallalt situ\u00e9e \u00e0 une trentaine de kilom\u00e8tres de Kela\u00e2t Sraghna, ce quadrag\u00e9naire qui a d\u00e9j\u00e0 purg\u00e9 une peine de quatre ans de prison ferme s\u00e8me la terreur avec un fusil de chasse qu\u2019il a d\u00e9rob\u00e9.<\/span><\/p>\n<p class=\"p1\"><span class=\"s1\">Les limiers de la gendarmerie royale \u00e0 Tamallalt se sont mobilis\u00e9s, samedi dernier, \u00e0 la suite d\u2019une information faisant \u00e9tat que ce repris de justice, \u00e2g\u00e9 de quarante-et-un ans, coupait le chemin \u00e0 ses victimes tout en les mena\u00e7ant avec un fusil de chasse et les obligeant \u00e0 lui remettre tout ce qu\u2019elles portaient sur elles. Identifi\u00e9 par les limiers il a \u00e9t\u00e9 arr\u00eat\u00e9. Une perquisition effectu\u00e9e sur son domicile a permis la saisie de son arme \u00e0 feu.<\/span><\/p>\n<\/div>\n<p>Auteur: Abderrafii ALOUMLIKI<br \/>\n<a href=\"http:\/\/aujourdhui.ma\/faits-divers\/tamallalt-il-deleste-ses-victimes-sous-la-menace-dune-arme-a-feu\">Cliquez ici pour lire l&rsquo;article depuis sa source.<\/a><\/p>\n","protected":false},"excerpt":{"rendered":"<p>L\u2019usage de l\u2019arme blanche ne suffisait apparemment plus \u00e0 ce repris de justice pour voler ses victimes. En effet, au douar Kabbal relevant de la ville de Tamallalt situ\u00e9e \u00e0 une trentaine de kilom\u00e8tres de Kela\u00e2t Sraghna, ce quadrag\u00e9naire qui a d\u00e9j\u00e0 purg\u00e9 une peine de quatre ans de prison ferme s\u00e8me la terreur avec [&hellip;]<\/p>\n","protected":false},"author":1759,"featured_media":0,"comment_status":"closed","ping_status":"closed","sticky":false,"template":"","format":"standard","meta":{"fifu_image_url":"","fifu_image_alt":"","footnotes":""},"categories":[73,54],"tags":[],"class_list":["post-48053","post","type-post","status-publish","format-standard","hentry","category-actualite","category-maroc"],"_links":{"self":[{"href":"https:\/\/linitiative.ca\/International\/wp-json\/wp\/v2\/posts\/48053","targetHints":{"allow":["GET"]}}],"collection":[{"href":"https:\/\/linitiative.ca\/International\/wp-json\/wp\/v2\/posts"}],"about":[{"href":"https:\/\/linitiative.ca\/International\/wp-json\/wp\/v2\/types\/post"}],"author":[{"embeddable":true,"href":"https:\/\/linitiative.ca\/International\/wp-json\/wp\/v2\/users\/1759"}],"replies":[{"embeddable":true,"href":"https:\/\/linitiative.ca\/International\/wp-json\/wp\/v2\/comments?post=48053"}],"version-history":[{"count":0,"href":"https:\/\/linitiative.ca\/International\/wp-json\/wp\/v2\/posts\/48053\/revisions"}],"wp:attachment":[{"href":"https:\/\/linitiative.ca\/International\/wp-json\/wp\/v2\/media?parent=48053"}],"wp:term":[{"taxonomy":"category","embeddable":true,"href":"https:\/\/linitiative.ca\/International\/wp-json\/wp\/v2\/categories?post=48053"},{"taxonomy":"post_tag","embeddable":true,"href":"https:\/\/linitiative.ca\/International\/wp-json\/wp\/v2\/tags?post=48053"}],"curies":[{"name":"wp","href":"https:\/\/api.w.org\/{rel}","templated":true}]}}